{"id":12118,"date":"2018-03-15T14:29:45","date_gmt":"2018-03-15T20:29:45","guid":{"rendered":"http:\/\/noticias.ulsaoaxaca.edu.mx\/?p=12118"},"modified":"2018-03-15T16:42:46","modified_gmt":"2018-03-15T22:42:46","slug":"firma-convenio-colegio-arquitectos-oaxaca","status":"publish","type":"post","link":"https:\/\/noticias.ulsaoaxaca.edu.mx\/index.php\/2018\/03\/15\/firma-convenio-colegio-arquitectos-oaxaca\/","title":{"rendered":"Firma de Convenio con Colegio de Arquitectos de Oaxaca"},"content":{"rendered":"<p style=\"text-align: justify;\">Esta tarde se ha formalizado el v\u00ednculo de trabajo colaborativo con la firma de un convenio de colaboraci\u00f3n interinstitucional entre el Colegio de Arquitectos de Oaxaca y nuestra casa de estudios.<\/p>\n<p style=\"text-align: justify;\">En el evento estuvieron presentes, nuestra Rectora,\u00a0Mtra. Mar\u00eda del Roc\u00edo Oc\u00e1diz Luna; Arq. Juan Manuel Castellanos Rold\u00e1n,\u00a0Presidente del Colegio de Arquitectos del Estado de Oaxaca; Ing. Jos\u00e9 Adri\u00e1n Villanueva Ortiz, Director de la Escuela de Ingenier\u00edas y Arquitectura de la Universidad; Arq. Rodolfo Guillermo Jim\u00e9nez Vera, Presidente de la Comisi\u00f3n de Arquitectura y Paisajismo as\u00ed como el Arq. Sergio Estuardo Garc\u00eda Herrera, Director Acad\u00e9mico de la Universidad La Salle Oaxaca.<\/p>\n<p style=\"text-align: justify;\">El documento que se firm\u00f3 tiene como principal eje\u00a0establecer las bases de colaboraci\u00f3n entre las instituciones para que estas conjuguen esfuerzos, recursos acad\u00e9micos y administrativos con el \u00e1nimo de que los estudiantes puedan realizar servicio social y pr\u00e1cticas profesionales\u00a0a fin de contar con\u00a0un nivel m\u00e1s alto de preparaci\u00f3n y capacitaci\u00f3n profesional, que se reflejar\u00e1 en el servicio que desempe\u00f1en para la sociedad en general.<\/p>\n<p style=\"text-align: justify;\">Asimismo este convenio busca acordar los procedimientos acad\u00e9micos y administrativos para el desarrollo del servicio social y pr\u00e1cticas profesionales y contribuir en la formaci\u00f3n de los alumnos y en la actualizaci\u00f3n del personal involucrado en el proceso ense\u00f1anza-aprendizaje.<\/p>\n<p style=\"text-align: justify;\">De esta forma, el convenio firmado busca beneficiar a nuestros estudiantes de Arquitectura, as\u00ed como a los maestrantes del programa de Dise\u00f1o Arquitect\u00f3nico Sustentable.<\/p>\n","protected":false},"excerpt":{"rendered":"<p style=\"text-align: justify;\">Esta tarde se ha formalizado el v\u00ednculo de trabajo colaborativo con la firma de un convenio de colaboraci\u00f3n interinstitucional entre el Colegio de Arquitectos de Oaxaca y nuestra casa de estudios.<\/p>\n<p style=\"text-align: justify;\">En el evento estuvieron presentes, nuestra Rectora,\u00a0Mtra. Mar\u00eda del Roc\u00edo Oc\u00e1diz Luna; Arq. Juan Manuel Castellanos Rold\u00e1n,\u00a0Presidente del Colegio de Arquitectos &#8230;<\/p>\n","protected":false},"author":5,"featured_media":12122,"comment_status":"closed","ping_status":"closed","sticky":false,"template":"","format":"gallery","meta":{"_acf_changed":false,"footnotes":""},"categories":[31],"tags":[167,307,284,277],"class_list":["post-12118","post","type-post","status-publish","format-gallery","has-post-thumbnail","hentry","category-noticias","tag-arquitectura","tag-convenio","tag-maestria","tag-vinculacion-universitaria","post_format-post-format-gallery"],"acf":[],"yoast_head":"<!-- This site is optimized with the Yoast SEO plugin v26.3 - https:\/\/yoast.com\/wordpress\/plugins\/seo\/ -->\n<title>Firma de Convenio con Colegio de Arquitectos de Oaxaca - Noticias La Salle Oaxaca<\/title>\n<meta name=\"robots\" content=\"index, follow, max-snippet:-1, max-image-preview:large, max-video-preview:-1\" \/>\n<link rel=\"canonical\" href=\"https:\/\/noticias.ulsaoaxaca.edu.mx\/index.php\/2018\/03\/15\/firma-convenio-colegio-arquitectos-oaxaca\/\" \/>\n<meta property=\"og:locale\" content=\"es_MX\" \/>\n<meta property=\"og:type\" content=\"article\" \/>\n<meta property=\"og:title\" content=\"Firma de Convenio con Colegio de Arquitectos de Oaxaca - Noticias La Salle Oaxaca\" \/>\n<meta property=\"og:description\" content=\"Esta tarde se ha formalizado el v\u00ednculo de trabajo colaborativo con la firma de un convenio de colaboraci\u00f3n interinstitucional entre el Colegio de Arquitectos de Oaxaca y nuestra casa de estudios. En el evento estuvieron presentes, nuestra Rectora,\u00a0Mtra. Mar\u00eda del Roc\u00edo Oc\u00e1diz Luna; Arq. Juan Manuel Castellanos Rold\u00e1n,\u00a0Presidente del Colegio de Arquitectos ...\" \/>\n<meta property=\"og:url\" content=\"https:\/\/noticias.ulsaoaxaca.edu.mx\/index.php\/2018\/03\/15\/firma-convenio-colegio-arquitectos-oaxaca\/\" \/>\n<meta property=\"og:site_name\" content=\"Noticias La Salle Oaxaca\" \/>\n<meta property=\"article:published_time\" content=\"2018-03-15T20:29:45+00:00\" \/>\n<meta property=\"article:modified_time\" content=\"2018-03-15T22:42:46+00:00\" \/>\n<meta property=\"og:image\" content=\"https:\/\/noticias.ulsaoaxaca.edu.mx\/wp-content\/uploads\/2018\/03\/WhatsApp-Image-2018-03-15-at-1.50.12-PM.jpeg\" \/>\n\t<meta property=\"og:image:width\" content=\"1280\" \/>\n\t<meta property=\"og:image:height\" content=\"853\" \/>\n\t<meta property=\"og:image:type\" content=\"image\/jpeg\" \/>\n<meta name=\"author\" content=\"Aym\u00e9 Giomara Barroso Loaeza\" \/>\n<meta name=\"twitter:card\" content=\"summary_large_image\" \/>\n<meta name=\"twitter:label1\" content=\"Escrito por\" \/>\n\t<meta name=\"twitter:data1\" content=\"Aym\u00e9 Giomara Barroso Loaeza\" \/>\n\t<meta name=\"twitter:label2\" content=\"Tiempo de lectura\" \/>\n\t<meta name=\"twitter:data2\" content=\"1 minuto\" \/>\n<script type=\"application\/ld+json\" class=\"yoast-schema-graph\">{\"@context\":\"https:\/\/schema.org\",\"@graph\":[{\"@type\":\"WebPage\",\"@id\":\"https:\/\/noticias.ulsaoaxaca.edu.mx\/index.php\/2018\/03\/15\/firma-convenio-colegio-arquitectos-oaxaca\/\",\"url\":\"https:\/\/noticias.ulsaoaxaca.edu.mx\/index.php\/2018\/03\/15\/firma-convenio-colegio-arquitectos-oaxaca\/\",\"name\":\"Firma de Convenio con Colegio de Arquitectos de Oaxaca - Noticias La Salle Oaxaca\",\"isPartOf\":{\"@id\":\"https:\/\/noticias.ulsaoaxaca.edu.mx\/#website\"},\"primaryImageOfPage\":{\"@id\":\"https:\/\/noticias.ulsaoaxaca.edu.mx\/index.php\/2018\/03\/15\/firma-convenio-colegio-arquitectos-oaxaca\/#primaryimage\"},\"image\":{\"@id\":\"https:\/\/noticias.ulsaoaxaca.edu.mx\/index.php\/2018\/03\/15\/firma-convenio-colegio-arquitectos-oaxaca\/#primaryimage\"},\"thumbnailUrl\":\"https:\/\/noticias.ulsaoaxaca.edu.mx\/wp-content\/uploads\/2018\/03\/WhatsApp-Image-2018-03-15-at-1.50.12-PM.jpeg\",\"datePublished\":\"2018-03-15T20:29:45+00:00\",\"dateModified\":\"2018-03-15T22:42:46+00:00\",\"author\":{\"@id\":\"https:\/\/noticias.ulsaoaxaca.edu.mx\/#\/schema\/person\/ab45430c6d904f5b8675f7505aaa8177\"},\"breadcrumb\":{\"@id\":\"https:\/\/noticias.ulsaoaxaca.edu.mx\/index.php\/2018\/03\/15\/firma-convenio-colegio-arquitectos-oaxaca\/#breadcrumb\"},\"inLanguage\":\"es\",\"potentialAction\":[{\"@type\":\"ReadAction\",\"target\":[\"https:\/\/noticias.ulsaoaxaca.edu.mx\/index.php\/2018\/03\/15\/firma-convenio-colegio-arquitectos-oaxaca\/\"]}]},{\"@type\":\"ImageObject\",\"inLanguage\":\"es\",\"@id\":\"https:\/\/noticias.ulsaoaxaca.edu.mx\/index.php\/2018\/03\/15\/firma-convenio-colegio-arquitectos-oaxaca\/#primaryimage\",\"url\":\"https:\/\/noticias.ulsaoaxaca.edu.mx\/wp-content\/uploads\/2018\/03\/WhatsApp-Image-2018-03-15-at-1.50.12-PM.jpeg\",\"contentUrl\":\"https:\/\/noticias.ulsaoaxaca.edu.mx\/wp-content\/uploads\/2018\/03\/WhatsApp-Image-2018-03-15-at-1.50.12-PM.jpeg\",\"width\":1280,\"height\":853},{\"@type\":\"BreadcrumbList\",\"@id\":\"https:\/\/noticias.ulsaoaxaca.edu.mx\/index.php\/2018\/03\/15\/firma-convenio-colegio-arquitectos-oaxaca\/#breadcrumb\",\"itemListElement\":[{\"@type\":\"ListItem\",\"position\":1,\"name\":\"Inicio\",\"item\":\"https:\/\/noticias.ulsaoaxaca.edu.mx\/\"},{\"@type\":\"ListItem\",\"position\":2,\"name\":\"Firma de Convenio con Colegio de Arquitectos de Oaxaca\"}]},{\"@type\":\"WebSite\",\"@id\":\"https:\/\/noticias.ulsaoaxaca.edu.mx\/#website\",\"url\":\"https:\/\/noticias.ulsaoaxaca.edu.mx\/\",\"name\":\"Noticias La Salle Oaxaca\",\"description\":\"Noticias La Salle Oaxaca\",\"potentialAction\":[{\"@type\":\"SearchAction\",\"target\":{\"@type\":\"EntryPoint\",\"urlTemplate\":\"https:\/\/noticias.ulsaoaxaca.edu.mx\/?s={search_term_string}\"},\"query-input\":{\"@type\":\"PropertyValueSpecification\",\"valueRequired\":true,\"valueName\":\"search_term_string\"}}],\"inLanguage\":\"es\"},{\"@type\":\"Person\",\"@id\":\"https:\/\/noticias.ulsaoaxaca.edu.mx\/#\/schema\/person\/ab45430c6d904f5b8675f7505aaa8177\",\"name\":\"Aym\u00e9 Giomara Barroso Loaeza\",\"image\":{\"@type\":\"ImageObject\",\"inLanguage\":\"es\",\"@id\":\"https:\/\/noticias.ulsaoaxaca.edu.mx\/#\/schema\/person\/image\/\",\"url\":\"https:\/\/secure.gravatar.com\/avatar\/51460040e636ad12076832b18ac69d4cc4ef2e4adaa24419d6900292d86a3ed3?s=96&d=mm&r=g\",\"contentUrl\":\"https:\/\/secure.gravatar.com\/avatar\/51460040e636ad12076832b18ac69d4cc4ef2e4adaa24419d6900292d86a3ed3?s=96&d=mm&r=g\",\"caption\":\"Aym\u00e9 Giomara Barroso Loaeza\"},\"sameAs\":[\"http:\/\/ayme.barroso@ulsaoaxaca.edu.mx\"],\"url\":\"https:\/\/noticias.ulsaoaxaca.edu.mx\/index.php\/author\/area-comunicacion2\/\"}]}<\/script>\n<!-- \/ Yoast SEO plugin. -->","yoast_head_json":{"title":"Firma de Convenio con Colegio de Arquitectos de Oaxaca - Noticias La Salle Oaxaca","robots":{"index":"index","follow":"follow","max-snippet":"max-snippet:-1","max-image-preview":"max-image-preview:large","max-video-preview":"max-video-preview:-1"},"canonical":"https:\/\/noticias.ulsaoaxaca.edu.mx\/index.php\/2018\/03\/15\/firma-convenio-colegio-arquitectos-oaxaca\/","og_locale":"es_MX","og_type":"article","og_title":"Firma de Convenio con Colegio de Arquitectos de Oaxaca - Noticias La Salle Oaxaca","og_description":"Esta tarde se ha formalizado el v\u00ednculo de trabajo colaborativo con la firma de un convenio de colaboraci\u00f3n interinstitucional entre el Colegio de Arquitectos de Oaxaca y nuestra casa de estudios. En el evento estuvieron presentes, nuestra Rectora,\u00a0Mtra. Mar\u00eda del Roc\u00edo Oc\u00e1diz Luna; Arq. Juan Manuel Castellanos Rold\u00e1n,\u00a0Presidente del Colegio de Arquitectos ...","og_url":"https:\/\/noticias.ulsaoaxaca.edu.mx\/index.php\/2018\/03\/15\/firma-convenio-colegio-arquitectos-oaxaca\/","og_site_name":"Noticias La Salle Oaxaca","article_published_time":"2018-03-15T20:29:45+00:00","article_modified_time":"2018-03-15T22:42:46+00:00","og_image":[{"width":1280,"height":853,"url":"https:\/\/noticias.ulsaoaxaca.edu.mx\/wp-content\/uploads\/2018\/03\/WhatsApp-Image-2018-03-15-at-1.50.12-PM.jpeg","type":"image\/jpeg"}],"author":"Aym\u00e9 Giomara Barroso Loaeza","twitter_card":"summary_large_image","twitter_misc":{"Escrito por":"Aym\u00e9 Giomara Barroso Loaeza","Tiempo de lectura":"1 minuto"},"schema":{"@context":"https:\/\/schema.org","@graph":[{"@type":"WebPage","@id":"https:\/\/noticias.ulsaoaxaca.edu.mx\/index.php\/2018\/03\/15\/firma-convenio-colegio-arquitectos-oaxaca\/","url":"https:\/\/noticias.ulsaoaxaca.edu.mx\/index.php\/2018\/03\/15\/firma-convenio-colegio-arquitectos-oaxaca\/","name":"Firma de Convenio con Colegio de Arquitectos de Oaxaca - Noticias La Salle Oaxaca","isPartOf":{"@id":"https:\/\/noticias.ulsaoaxaca.edu.mx\/#website"},"primaryImageOfPage":{"@id":"https:\/\/noticias.ulsaoaxaca.edu.mx\/index.php\/2018\/03\/15\/firma-convenio-colegio-arquitectos-oaxaca\/#primaryimage"},"image":{"@id":"https:\/\/noticias.ulsaoaxaca.edu.mx\/index.php\/2018\/03\/15\/firma-convenio-colegio-arquitectos-oaxaca\/#primaryimage"},"thumbnailUrl":"https:\/\/noticias.ulsaoaxaca.edu.mx\/wp-content\/uploads\/2018\/03\/WhatsApp-Image-2018-03-15-at-1.50.12-PM.jpeg","datePublished":"2018-03-15T20:29:45+00:00","dateModified":"2018-03-15T22:42:46+00:00","author":{"@id":"https:\/\/noticias.ulsaoaxaca.edu.mx\/#\/schema\/person\/ab45430c6d904f5b8675f7505aaa8177"},"breadcrumb":{"@id":"https:\/\/noticias.ulsaoaxaca.edu.mx\/index.php\/2018\/03\/15\/firma-convenio-colegio-arquitectos-oaxaca\/#breadcrumb"},"inLanguage":"es","potentialAction":[{"@type":"ReadAction","target":["https:\/\/noticias.ulsaoaxaca.edu.mx\/index.php\/2018\/03\/15\/firma-convenio-colegio-arquitectos-oaxaca\/"]}]},{"@type":"ImageObject","inLanguage":"es","@id":"https:\/\/noticias.ulsaoaxaca.edu.mx\/index.php\/2018\/03\/15\/firma-convenio-colegio-arquitectos-oaxaca\/#primaryimage","url":"https:\/\/noticias.ulsaoaxaca.edu.mx\/wp-content\/uploads\/2018\/03\/WhatsApp-Image-2018-03-15-at-1.50.12-PM.jpeg","contentUrl":"https:\/\/noticias.ulsaoaxaca.edu.mx\/wp-content\/uploads\/2018\/03\/WhatsApp-Image-2018-03-15-at-1.50.12-PM.jpeg","width":1280,"height":853},{"@type":"BreadcrumbList","@id":"https:\/\/noticias.ulsaoaxaca.edu.mx\/index.php\/2018\/03\/15\/firma-convenio-colegio-arquitectos-oaxaca\/#breadcrumb","itemListElement":[{"@type":"ListItem","position":1,"name":"Inicio","item":"https:\/\/noticias.ulsaoaxaca.edu.mx\/"},{"@type":"ListItem","position":2,"name":"Firma de Convenio con Colegio de Arquitectos de Oaxaca"}]},{"@type":"WebSite","@id":"https:\/\/noticias.ulsaoaxaca.edu.mx\/#website","url":"https:\/\/noticias.ulsaoaxaca.edu.mx\/","name":"Noticias La Salle Oaxaca","description":"Noticias La Salle Oaxaca","potentialAction":[{"@type":"SearchAction","target":{"@type":"EntryPoint","urlTemplate":"https:\/\/noticias.ulsaoaxaca.edu.mx\/?s={search_term_string}"},"query-input":{"@type":"PropertyValueSpecification","valueRequired":true,"valueName":"search_term_string"}}],"inLanguage":"es"},{"@type":"Person","@id":"https:\/\/noticias.ulsaoaxaca.edu.mx\/#\/schema\/person\/ab45430c6d904f5b8675f7505aaa8177","name":"Aym\u00e9 Giomara Barroso Loaeza","image":{"@type":"ImageObject","inLanguage":"es","@id":"https:\/\/noticias.ulsaoaxaca.edu.mx\/#\/schema\/person\/image\/","url":"https:\/\/secure.gravatar.com\/avatar\/51460040e636ad12076832b18ac69d4cc4ef2e4adaa24419d6900292d86a3ed3?s=96&d=mm&r=g","contentUrl":"https:\/\/secure.gravatar.com\/avatar\/51460040e636ad12076832b18ac69d4cc4ef2e4adaa24419d6900292d86a3ed3?s=96&d=mm&r=g","caption":"Aym\u00e9 Giomara Barroso Loaeza"},"sameAs":["http:\/\/ayme.barroso@ulsaoaxaca.edu.mx"],"url":"https:\/\/noticias.ulsaoaxaca.edu.mx\/index.php\/author\/area-comunicacion2\/"}]}},"_links":{"self":[{"href":"https:\/\/noticias.ulsaoaxaca.edu.mx\/index.php\/wp-json\/wp\/v2\/posts\/12118","targetHints":{"allow":["GET"]}}],"collection":[{"href":"https:\/\/noticias.ulsaoaxaca.edu.mx\/index.php\/wp-json\/wp\/v2\/posts"}],"about":[{"href":"https:\/\/noticias.ulsaoaxaca.edu.mx\/index.php\/wp-json\/wp\/v2\/types\/post"}],"author":[{"embeddable":true,"href":"https:\/\/noticias.ulsaoaxaca.edu.mx\/index.php\/wp-json\/wp\/v2\/users\/5"}],"replies":[{"embeddable":true,"href":"https:\/\/noticias.ulsaoaxaca.edu.mx\/index.php\/wp-json\/wp\/v2\/comments?post=12118"}],"version-history":[{"count":3,"href":"https:\/\/noticias.ulsaoaxaca.edu.mx\/index.php\/wp-json\/wp\/v2\/posts\/12118\/revisions"}],"predecessor-version":[{"id":12138,"href":"https:\/\/noticias.ulsaoaxaca.edu.mx\/index.php\/wp-json\/wp\/v2\/posts\/12118\/revisions\/12138"}],"wp:featuredmedia":[{"embeddable":true,"href":"https:\/\/noticias.ulsaoaxaca.edu.mx\/index.php\/wp-json\/wp\/v2\/media\/12122"}],"wp:attachment":[{"href":"https:\/\/noticias.ulsaoaxaca.edu.mx\/index.php\/wp-json\/wp\/v2\/media?parent=12118"}],"wp:term":[{"taxonomy":"category","embeddable":true,"href":"https:\/\/noticias.ulsaoaxaca.edu.mx\/index.php\/wp-json\/wp\/v2\/categories?post=12118"},{"taxonomy":"post_tag","embeddable":true,"href":"https:\/\/noticias.ulsaoaxaca.edu.mx\/index.php\/wp-json\/wp\/v2\/tags?post=12118"}],"curies":[{"name":"wp","href":"https:\/\/api.w.org\/{rel}","templated":true}]}}