{"id":26436,"date":"2019-12-29T09:00:00","date_gmt":"2019-12-29T15:00:00","guid":{"rendered":"http:\/\/noticias.ulsaoaxaca.edu.mx\/?p=26436"},"modified":"2019-12-19T10:33:03","modified_gmt":"2019-12-19T16:33:03","slug":"generaran-colaboradores-de-la-salle-oaxaca-proyectos-de-intervencion-comunitaria-en-clave-de-economia-social","status":"publish","type":"post","link":"https:\/\/noticias.ulsaoaxaca.edu.mx\/index.php\/2019\/12\/29\/generaran-colaboradores-de-la-salle-oaxaca-proyectos-de-intervencion-comunitaria-en-clave-de-economia-social\/","title":{"rendered":"Generar\u00e1n colaboradores de La Salle Oaxaca, proyectos de intervenci\u00f3n comunitaria en clave de Econom\u00eda Social"},"content":{"rendered":"\n<p style=\"text-align: justify;\">Con el prop\u00f3sito de propiciar nuevos mecanismos que permitan mejorar las condiciones socioecon\u00f3micas de nuestras comunidades, directivos y personal administrativo de nuestra casa de estudios concluyeron el pasado 10 de diciembre de 2019, el Diplomado \u201cDise\u00f1o de proyectos de intervenci\u00f3n comunitaria en clave de Econom\u00eda Social\u201d impartido por la IBERO Puebla a trav\u00e9s del Laboratorio de Innovaci\u00f3n Econ\u00f3mica y Social (LAINES).<\/p>\n<p style=\"text-align: justify;\">A trav\u00e9s de este ejercicio acad\u00e9mico que dio inicio el 22 de mayo, los colaboradores de nuestra casa de estudios, recibieron las herramientas te\u00f3ricas y metodol\u00f3gicas de Econom\u00eda Social que permitir\u00e1n integrar un equipo de trabajo al interior de nuestra Universidad para desarrollar proyectos de intervenci\u00f3n de territorio a fin de contribuir a la construcci\u00f3n de una humanidad m\u00e1s justa, fraterna y solidaria.<\/p>\n<p style=\"text-align: justify;\">El Diplomado integr\u00f3 cuatro encuentros presenciales, trabajo auto gestionado en un entorno virtual de aprendizaje, as\u00ed como la visita a dos experiencias de Econom\u00eda Social en los municipios de Tehuac\u00e1n, Puebla y Etla en Oaxaca.<\/p>\n<p style=\"text-align: justify;\">Luego de seis meses de trabajo, los colaboradores de nuestra Universidad conocieron los fundamentos de la Econom\u00eda Social, diferentes contextos de aplicaci\u00f3n y resultados esperados de esta forma de hacer econom\u00eda; desarrollaron tambi\u00e9n una lectura estrat\u00e9gica del territorio donde se realiza la intervenci\u00f3n, a fin de detonar ejercicios de Econom\u00eda Social contextualizados a la comunidad.<\/p>\n<p style=\"text-align: justify;\">Para cerrar el Diplomado, Directivos y personal administrativo de La Salle Oaxaca construyeron una estrategia de intervenci\u00f3n para desarrollar un proyecto institucional de Econom\u00eda Social que contribuya a mejorar las condiciones de vida de una comunidad, el proyecto se llevar\u00e1 a cabo con el apoyo de nuestra Comunidad estudiantil en los pr\u00f3ximos meses.<\/p>\n<p style=\"text-align: justify;\">\u00a1Juntos, seguiremos haciendo que grandes cosas sean posibles!<\/p>\n<p>&nbsp;<\/p>\n<p>&nbsp;<\/p>\n<p>&nbsp;<\/p>\n<p>&nbsp;<\/p>\n","protected":false},"excerpt":{"rendered":"<p style=\"text-align: justify;\">Con el prop\u00f3sito de propiciar nuevos mecanismos que permitan mejorar las condiciones socioecon\u00f3micas de nuestras comunidades, directivos y personal administrativo de nuestra casa de estudios concluyeron el pasado 10 de diciembre de 2019, el Diplomado \u201cDise\u00f1o de proyectos de intervenci\u00f3n comunitaria en clave de Econom\u00eda Social\u201d impartido por la IBERO Puebla a trav\u00e9s &#8230;<\/p>\n","protected":false},"author":7,"featured_media":26437,"comment_status":"closed","ping_status":"closed","sticky":false,"template":"","format":"gallery","meta":{"_acf_changed":false,"footnotes":""},"categories":[42,31],"tags":[],"class_list":["post-26436","post","type-post","status-publish","format-gallery","has-post-thumbnail","hentry","category-galerias","category-noticias","post_format-post-format-gallery"],"acf":[],"yoast_head":"<!-- This site is optimized with the Yoast SEO plugin v26.3 - https:\/\/yoast.com\/wordpress\/plugins\/seo\/ -->\n<title>Generar\u00e1n colaboradores de La Salle Oaxaca, proyectos de intervenci\u00f3n comunitaria en clave de Econom\u00eda Social - Noticias La Salle Oaxaca<\/title>\n<meta name=\"robots\" content=\"index, follow, max-snippet:-1, max-image-preview:large, max-video-preview:-1\" \/>\n<link rel=\"canonical\" href=\"https:\/\/noticias.ulsaoaxaca.edu.mx\/index.php\/2019\/12\/29\/generaran-colaboradores-de-la-salle-oaxaca-proyectos-de-intervencion-comunitaria-en-clave-de-economia-social\/\" \/>\n<meta property=\"og:locale\" content=\"es_MX\" \/>\n<meta property=\"og:type\" content=\"article\" \/>\n<meta property=\"og:title\" content=\"Generar\u00e1n colaboradores de La Salle Oaxaca, proyectos de intervenci\u00f3n comunitaria en clave de Econom\u00eda Social - Noticias La Salle Oaxaca\" \/>\n<meta property=\"og:description\" content=\"Con el prop\u00f3sito de propiciar nuevos mecanismos que permitan mejorar las condiciones socioecon\u00f3micas de nuestras comunidades, directivos y personal administrativo de nuestra casa de estudios concluyeron el pasado 10 de diciembre de 2019, el Diplomado \u201cDise\u00f1o de proyectos de intervenci\u00f3n comunitaria en clave de Econom\u00eda Social\u201d impartido por la IBERO Puebla a trav\u00e9s ...\" \/>\n<meta property=\"og:url\" content=\"https:\/\/noticias.ulsaoaxaca.edu.mx\/index.php\/2019\/12\/29\/generaran-colaboradores-de-la-salle-oaxaca-proyectos-de-intervencion-comunitaria-en-clave-de-economia-social\/\" \/>\n<meta property=\"og:site_name\" content=\"Noticias La Salle Oaxaca\" \/>\n<meta property=\"article:published_time\" content=\"2019-12-29T15:00:00+00:00\" \/>\n<meta property=\"og:image\" content=\"https:\/\/noticias.ulsaoaxaca.edu.mx\/wp-content\/uploads\/2019\/12\/M3A9455-scaled.jpg\" \/>\n\t<meta property=\"og:image:width\" content=\"2560\" \/>\n\t<meta property=\"og:image:height\" content=\"1707\" \/>\n\t<meta property=\"og:image:type\" content=\"image\/jpeg\" \/>\n<meta name=\"author\" content=\"Aurelio Antonio Cruz\" \/>\n<meta name=\"twitter:card\" content=\"summary_large_image\" \/>\n<meta name=\"twitter:label1\" content=\"Escrito por\" \/>\n\t<meta name=\"twitter:data1\" content=\"Aurelio Antonio Cruz\" \/>\n\t<meta name=\"twitter:label2\" content=\"Tiempo de lectura\" \/>\n\t<meta name=\"twitter:data2\" content=\"2 minutos\" \/>\n<script type=\"application\/ld+json\" class=\"yoast-schema-graph\">{\"@context\":\"https:\/\/schema.org\",\"@graph\":[{\"@type\":\"WebPage\",\"@id\":\"https:\/\/noticias.ulsaoaxaca.edu.mx\/index.php\/2019\/12\/29\/generaran-colaboradores-de-la-salle-oaxaca-proyectos-de-intervencion-comunitaria-en-clave-de-economia-social\/\",\"url\":\"https:\/\/noticias.ulsaoaxaca.edu.mx\/index.php\/2019\/12\/29\/generaran-colaboradores-de-la-salle-oaxaca-proyectos-de-intervencion-comunitaria-en-clave-de-economia-social\/\",\"name\":\"Generar\u00e1n colaboradores de La Salle Oaxaca, proyectos de intervenci\u00f3n comunitaria en clave de Econom\u00eda Social - Noticias La Salle Oaxaca\",\"isPartOf\":{\"@id\":\"https:\/\/noticias.ulsaoaxaca.edu.mx\/#website\"},\"primaryImageOfPage\":{\"@id\":\"https:\/\/noticias.ulsaoaxaca.edu.mx\/index.php\/2019\/12\/29\/generaran-colaboradores-de-la-salle-oaxaca-proyectos-de-intervencion-comunitaria-en-clave-de-economia-social\/#primaryimage\"},\"image\":{\"@id\":\"https:\/\/noticias.ulsaoaxaca.edu.mx\/index.php\/2019\/12\/29\/generaran-colaboradores-de-la-salle-oaxaca-proyectos-de-intervencion-comunitaria-en-clave-de-economia-social\/#primaryimage\"},\"thumbnailUrl\":\"https:\/\/noticias.ulsaoaxaca.edu.mx\/wp-content\/uploads\/2019\/12\/M3A9455-scaled.jpg\",\"datePublished\":\"2019-12-29T15:00:00+00:00\",\"author\":{\"@id\":\"https:\/\/noticias.ulsaoaxaca.edu.mx\/#\/schema\/person\/bc9fe2b3e43a1db2658f40300d25603b\"},\"breadcrumb\":{\"@id\":\"https:\/\/noticias.ulsaoaxaca.edu.mx\/index.php\/2019\/12\/29\/generaran-colaboradores-de-la-salle-oaxaca-proyectos-de-intervencion-comunitaria-en-clave-de-economia-social\/#breadcrumb\"},\"inLanguage\":\"es\",\"potentialAction\":[{\"@type\":\"ReadAction\",\"target\":[\"https:\/\/noticias.ulsaoaxaca.edu.mx\/index.php\/2019\/12\/29\/generaran-colaboradores-de-la-salle-oaxaca-proyectos-de-intervencion-comunitaria-en-clave-de-economia-social\/\"]}]},{\"@type\":\"ImageObject\",\"inLanguage\":\"es\",\"@id\":\"https:\/\/noticias.ulsaoaxaca.edu.mx\/index.php\/2019\/12\/29\/generaran-colaboradores-de-la-salle-oaxaca-proyectos-de-intervencion-comunitaria-en-clave-de-economia-social\/#primaryimage\",\"url\":\"https:\/\/noticias.ulsaoaxaca.edu.mx\/wp-content\/uploads\/2019\/12\/M3A9455-scaled.jpg\",\"contentUrl\":\"https:\/\/noticias.ulsaoaxaca.edu.mx\/wp-content\/uploads\/2019\/12\/M3A9455-scaled.jpg\",\"width\":2560,\"height\":1707},{\"@type\":\"BreadcrumbList\",\"@id\":\"https:\/\/noticias.ulsaoaxaca.edu.mx\/index.php\/2019\/12\/29\/generaran-colaboradores-de-la-salle-oaxaca-proyectos-de-intervencion-comunitaria-en-clave-de-economia-social\/#breadcrumb\",\"itemListElement\":[{\"@type\":\"ListItem\",\"position\":1,\"name\":\"Inicio\",\"item\":\"https:\/\/noticias.ulsaoaxaca.edu.mx\/\"},{\"@type\":\"ListItem\",\"position\":2,\"name\":\"Generar\u00e1n colaboradores de La Salle Oaxaca, proyectos de intervenci\u00f3n comunitaria en clave de Econom\u00eda Social\"}]},{\"@type\":\"WebSite\",\"@id\":\"https:\/\/noticias.ulsaoaxaca.edu.mx\/#website\",\"url\":\"https:\/\/noticias.ulsaoaxaca.edu.mx\/\",\"name\":\"Noticias La Salle Oaxaca\",\"description\":\"Noticias La Salle Oaxaca\",\"potentialAction\":[{\"@type\":\"SearchAction\",\"target\":{\"@type\":\"EntryPoint\",\"urlTemplate\":\"https:\/\/noticias.ulsaoaxaca.edu.mx\/?s={search_term_string}\"},\"query-input\":{\"@type\":\"PropertyValueSpecification\",\"valueRequired\":true,\"valueName\":\"search_term_string\"}}],\"inLanguage\":\"es\"},{\"@type\":\"Person\",\"@id\":\"https:\/\/noticias.ulsaoaxaca.edu.mx\/#\/schema\/person\/bc9fe2b3e43a1db2658f40300d25603b\",\"name\":\"Aurelio Antonio Cruz\",\"image\":{\"@type\":\"ImageObject\",\"inLanguage\":\"es\",\"@id\":\"https:\/\/noticias.ulsaoaxaca.edu.mx\/#\/schema\/person\/image\/\",\"url\":\"https:\/\/secure.gravatar.com\/avatar\/eecc49bc776208c2d6c49149568e8da96328e5383364b41d780b58b90780d816?s=96&d=mm&r=g\",\"contentUrl\":\"https:\/\/secure.gravatar.com\/avatar\/eecc49bc776208c2d6c49149568e8da96328e5383364b41d780b58b90780d816?s=96&d=mm&r=g\",\"caption\":\"Aurelio Antonio Cruz\"},\"url\":\"https:\/\/noticias.ulsaoaxaca.edu.mx\/index.php\/author\/aurelio\/\"}]}<\/script>\n<!-- \/ Yoast SEO plugin. -->","yoast_head_json":{"title":"Generar\u00e1n colaboradores de La Salle Oaxaca, proyectos de intervenci\u00f3n comunitaria en clave de Econom\u00eda Social - Noticias La Salle Oaxaca","robots":{"index":"index","follow":"follow","max-snippet":"max-snippet:-1","max-image-preview":"max-image-preview:large","max-video-preview":"max-video-preview:-1"},"canonical":"https:\/\/noticias.ulsaoaxaca.edu.mx\/index.php\/2019\/12\/29\/generaran-colaboradores-de-la-salle-oaxaca-proyectos-de-intervencion-comunitaria-en-clave-de-economia-social\/","og_locale":"es_MX","og_type":"article","og_title":"Generar\u00e1n colaboradores de La Salle Oaxaca, proyectos de intervenci\u00f3n comunitaria en clave de Econom\u00eda Social - Noticias La Salle Oaxaca","og_description":"Con el prop\u00f3sito de propiciar nuevos mecanismos que permitan mejorar las condiciones socioecon\u00f3micas de nuestras comunidades, directivos y personal administrativo de nuestra casa de estudios concluyeron el pasado 10 de diciembre de 2019, el Diplomado \u201cDise\u00f1o de proyectos de intervenci\u00f3n comunitaria en clave de Econom\u00eda Social\u201d impartido por la IBERO Puebla a trav\u00e9s ...","og_url":"https:\/\/noticias.ulsaoaxaca.edu.mx\/index.php\/2019\/12\/29\/generaran-colaboradores-de-la-salle-oaxaca-proyectos-de-intervencion-comunitaria-en-clave-de-economia-social\/","og_site_name":"Noticias La Salle Oaxaca","article_published_time":"2019-12-29T15:00:00+00:00","og_image":[{"width":2560,"height":1707,"url":"https:\/\/noticias.ulsaoaxaca.edu.mx\/wp-content\/uploads\/2019\/12\/M3A9455-scaled.jpg","type":"image\/jpeg"}],"author":"Aurelio Antonio Cruz","twitter_card":"summary_large_image","twitter_misc":{"Escrito por":"Aurelio Antonio Cruz","Tiempo de lectura":"2 minutos"},"schema":{"@context":"https:\/\/schema.org","@graph":[{"@type":"WebPage","@id":"https:\/\/noticias.ulsaoaxaca.edu.mx\/index.php\/2019\/12\/29\/generaran-colaboradores-de-la-salle-oaxaca-proyectos-de-intervencion-comunitaria-en-clave-de-economia-social\/","url":"https:\/\/noticias.ulsaoaxaca.edu.mx\/index.php\/2019\/12\/29\/generaran-colaboradores-de-la-salle-oaxaca-proyectos-de-intervencion-comunitaria-en-clave-de-economia-social\/","name":"Generar\u00e1n colaboradores de La Salle Oaxaca, proyectos de intervenci\u00f3n comunitaria en clave de Econom\u00eda Social - Noticias La Salle Oaxaca","isPartOf":{"@id":"https:\/\/noticias.ulsaoaxaca.edu.mx\/#website"},"primaryImageOfPage":{"@id":"https:\/\/noticias.ulsaoaxaca.edu.mx\/index.php\/2019\/12\/29\/generaran-colaboradores-de-la-salle-oaxaca-proyectos-de-intervencion-comunitaria-en-clave-de-economia-social\/#primaryimage"},"image":{"@id":"https:\/\/noticias.ulsaoaxaca.edu.mx\/index.php\/2019\/12\/29\/generaran-colaboradores-de-la-salle-oaxaca-proyectos-de-intervencion-comunitaria-en-clave-de-economia-social\/#primaryimage"},"thumbnailUrl":"https:\/\/noticias.ulsaoaxaca.edu.mx\/wp-content\/uploads\/2019\/12\/M3A9455-scaled.jpg","datePublished":"2019-12-29T15:00:00+00:00","author":{"@id":"https:\/\/noticias.ulsaoaxaca.edu.mx\/#\/schema\/person\/bc9fe2b3e43a1db2658f40300d25603b"},"breadcrumb":{"@id":"https:\/\/noticias.ulsaoaxaca.edu.mx\/index.php\/2019\/12\/29\/generaran-colaboradores-de-la-salle-oaxaca-proyectos-de-intervencion-comunitaria-en-clave-de-economia-social\/#breadcrumb"},"inLanguage":"es","potentialAction":[{"@type":"ReadAction","target":["https:\/\/noticias.ulsaoaxaca.edu.mx\/index.php\/2019\/12\/29\/generaran-colaboradores-de-la-salle-oaxaca-proyectos-de-intervencion-comunitaria-en-clave-de-economia-social\/"]}]},{"@type":"ImageObject","inLanguage":"es","@id":"https:\/\/noticias.ulsaoaxaca.edu.mx\/index.php\/2019\/12\/29\/generaran-colaboradores-de-la-salle-oaxaca-proyectos-de-intervencion-comunitaria-en-clave-de-economia-social\/#primaryimage","url":"https:\/\/noticias.ulsaoaxaca.edu.mx\/wp-content\/uploads\/2019\/12\/M3A9455-scaled.jpg","contentUrl":"https:\/\/noticias.ulsaoaxaca.edu.mx\/wp-content\/uploads\/2019\/12\/M3A9455-scaled.jpg","width":2560,"height":1707},{"@type":"BreadcrumbList","@id":"https:\/\/noticias.ulsaoaxaca.edu.mx\/index.php\/2019\/12\/29\/generaran-colaboradores-de-la-salle-oaxaca-proyectos-de-intervencion-comunitaria-en-clave-de-economia-social\/#breadcrumb","itemListElement":[{"@type":"ListItem","position":1,"name":"Inicio","item":"https:\/\/noticias.ulsaoaxaca.edu.mx\/"},{"@type":"ListItem","position":2,"name":"Generar\u00e1n colaboradores de La Salle Oaxaca, proyectos de intervenci\u00f3n comunitaria en clave de Econom\u00eda Social"}]},{"@type":"WebSite","@id":"https:\/\/noticias.ulsaoaxaca.edu.mx\/#website","url":"https:\/\/noticias.ulsaoaxaca.edu.mx\/","name":"Noticias La Salle Oaxaca","description":"Noticias La Salle Oaxaca","potentialAction":[{"@type":"SearchAction","target":{"@type":"EntryPoint","urlTemplate":"https:\/\/noticias.ulsaoaxaca.edu.mx\/?s={search_term_string}"},"query-input":{"@type":"PropertyValueSpecification","valueRequired":true,"valueName":"search_term_string"}}],"inLanguage":"es"},{"@type":"Person","@id":"https:\/\/noticias.ulsaoaxaca.edu.mx\/#\/schema\/person\/bc9fe2b3e43a1db2658f40300d25603b","name":"Aurelio Antonio Cruz","image":{"@type":"ImageObject","inLanguage":"es","@id":"https:\/\/noticias.ulsaoaxaca.edu.mx\/#\/schema\/person\/image\/","url":"https:\/\/secure.gravatar.com\/avatar\/eecc49bc776208c2d6c49149568e8da96328e5383364b41d780b58b90780d816?s=96&d=mm&r=g","contentUrl":"https:\/\/secure.gravatar.com\/avatar\/eecc49bc776208c2d6c49149568e8da96328e5383364b41d780b58b90780d816?s=96&d=mm&r=g","caption":"Aurelio Antonio Cruz"},"url":"https:\/\/noticias.ulsaoaxaca.edu.mx\/index.php\/author\/aurelio\/"}]}},"_links":{"self":[{"href":"https:\/\/noticias.ulsaoaxaca.edu.mx\/index.php\/wp-json\/wp\/v2\/posts\/26436","targetHints":{"allow":["GET"]}}],"collection":[{"href":"https:\/\/noticias.ulsaoaxaca.edu.mx\/index.php\/wp-json\/wp\/v2\/posts"}],"about":[{"href":"https:\/\/noticias.ulsaoaxaca.edu.mx\/index.php\/wp-json\/wp\/v2\/types\/post"}],"author":[{"embeddable":true,"href":"https:\/\/noticias.ulsaoaxaca.edu.mx\/index.php\/wp-json\/wp\/v2\/users\/7"}],"replies":[{"embeddable":true,"href":"https:\/\/noticias.ulsaoaxaca.edu.mx\/index.php\/wp-json\/wp\/v2\/comments?post=26436"}],"version-history":[{"count":9,"href":"https:\/\/noticias.ulsaoaxaca.edu.mx\/index.php\/wp-json\/wp\/v2\/posts\/26436\/revisions"}],"predecessor-version":[{"id":27535,"href":"https:\/\/noticias.ulsaoaxaca.edu.mx\/index.php\/wp-json\/wp\/v2\/posts\/26436\/revisions\/27535"}],"wp:featuredmedia":[{"embeddable":true,"href":"https:\/\/noticias.ulsaoaxaca.edu.mx\/index.php\/wp-json\/wp\/v2\/media\/26437"}],"wp:attachment":[{"href":"https:\/\/noticias.ulsaoaxaca.edu.mx\/index.php\/wp-json\/wp\/v2\/media?parent=26436"}],"wp:term":[{"taxonomy":"category","embeddable":true,"href":"https:\/\/noticias.ulsaoaxaca.edu.mx\/index.php\/wp-json\/wp\/v2\/categories?post=26436"},{"taxonomy":"post_tag","embeddable":true,"href":"https:\/\/noticias.ulsaoaxaca.edu.mx\/index.php\/wp-json\/wp\/v2\/tags?post=26436"}],"curies":[{"name":"wp","href":"https:\/\/api.w.org\/{rel}","templated":true}]}}