{"id":29640,"date":"2020-07-27T15:34:47","date_gmt":"2020-07-27T20:34:47","guid":{"rendered":"http:\/\/noticias.ulsaoaxaca.edu.mx\/?p=29640"},"modified":"2020-07-27T15:34:49","modified_gmt":"2020-07-27T20:34:49","slug":"cronicas-de-lasallistas-en-casa-adriana-hernandez-maestria-en-fiscal","status":"publish","type":"post","link":"https:\/\/noticias.ulsaoaxaca.edu.mx\/index.php\/2020\/07\/27\/cronicas-de-lasallistas-en-casa-adriana-hernandez-maestria-en-fiscal\/","title":{"rendered":"Cr\u00f3nicas de Lasallistas en Casa | Adriana Hern\u00e1ndez | Maestr\u00eda en Fiscal."},"content":{"rendered":"\n<h6 style=\"text-align: right\">27 DE JULIO DE 2020<\/h6>\n<p>\u00a0<\/p>\n<h6 style=\"text-align: justify\">\u201cCR\u00d3NICAS DE LASALLISTAS EN CASA\u201d ES UN ESPACIO EN EL QUE NUESTRA COMUNIDAD ESTUDIANTIL NOS COMPARTE SUS EXPERIENCIAS Y REFLEXIONES EN TORNO A LA SITUACI\u00d3N QUE ENFRENTAMOS ANTE LA PANDEMIA POR COVID 19.<\/h6>\n<h6 style=\"text-align: justify\">HOY LES COMPARTIMOS EL ESCRITO DE ADRIANA HERN\u00c1NDEZ DE LA MAESTR\u00cdA EN FISCAL.<\/h6>\n<p>\u00a0<\/p>\n<p style=\"text-align: justify\">Iniciaba el dos mil veinte y jam\u00e1s pude imaginar que tiempos dif\u00edciles se aproximaban, sab\u00eda que un nuevo virus estaba haciendo estragos en algunas partes de Asia pero esta nos quedaba demasiado lejos as\u00ed que, como cualquier persona, segu\u00ed retrasando la idea de sentirme amenazada, pues me sent\u00eda ansiosa con mis planes para este retador y determinante dos mil veinte.<\/p>\n<p style=\"text-align: justify\">Mis seres queridos estaban bien, por otro lado, nuevos retos en el \u00e1mbito laboral comenzaban y solo quedaban dos cuatrimestres de posgrado; todo marchaba incre\u00edble.<\/p>\n<p style=\"text-align: justify\">Recuerdo que el \u00faltimo s\u00e1bado de posgrado presencial, nos encontramos con la incertidumbre de las medidas que se tomar\u00edan para enfrentar esta pandemia, nadie estaba preparado; todos nos despedimos con el mismo cari\u00f1o y cordialidad que existe en el grupo, caminando sobre una realidad que sin nuestro consentimiento comenzaba a prepararse con el cambio. Sin embargo, esa misma noche se hizo de nuestro conocimiento la noticia poco alentadora sobre la suspensi\u00f3n de actividades dentro de la universidad, y a pesar de que, ninguna persona en el pa\u00eds, ni la m\u00e1s alta autoridad estaba preparada para hacer frente esta adversidad, quedaba solo seguir nuestro aprendizaje con los escasos medios que ten\u00edamos.<\/p>\n<p style=\"text-align: justify\">Ingenuos a la situaci\u00f3n aterradora que se avecinaba, las actividades laborales siguieron marchando de la misma manera, era \u00e9poca de declaraciones anuales y el gobierno federal se resisti\u00f3 a conceder una pr\u00f3rroga, lo que oblig\u00f3 al sector al que me dedico a seguir trabajando de manera normal hasta que las autoridades sanitarias anunciaron el confinamiento social pues evidentemente la epidemia hab\u00eda llegado a nuestras ciudades.<\/p>\n<p style=\"text-align: justify\">Para esos d\u00edas, el cubre bocas y el aislamiento social fueron imprescindibles para la prevenci\u00f3n, y pese a eso, las personas abarrotaban los supermercados y farmacias con el fin de poder sobrellevar la cuarentena anunciada. Siempre he procurado mantener la calma, pero no mentir\u00e9 al decir que no sent\u00ed miedo y preocupaci\u00f3n por las personas que estimo, pues ten\u00eda miedo que el virus llegara a alguna de ellas.<\/p>\n<p style=\"text-align: justify\">El confinamiento ha durado m\u00e1s de lo esperado y es dif\u00edcil ver la situaci\u00f3n de crisis -en todos los aspectos- por la que estamos pasando; peque\u00f1os empresarios cerrando sus negocios, personas que han sido discriminadas o que se han quedado sin empleo, seres queridos y conocidos que no volveremos a tener el gusto de saludar y personas que no tienen el recurso necesario para adquirir lo que es indispensable.<\/p>\n<p style=\"text-align: justify\">Hoy me siento muy agradecida con el personal de salud que arriesgando su integridad, est\u00e1n todos los d\u00edas atendiendo los casos de COVID pese al sistema de salud que tenemos en el pa\u00eds; agradecida porque mi familia y personas que quiero se encuentran bien, agradecida porque si bien, mis planes cambiaron de alguna forma, mis metas y principios se mantienen intactos, agradecida -porque en medida de mis posibilidades-, ayudo, y porque tengo certeza de que buenas cosas pasan, y tiempos mejores llegan.<\/p>\n","protected":false},"excerpt":{"rendered":"<p>27 DE JULIO DE 2020<\/p>\n<p>\u00a0<\/p>\n<p>\u201cCR\u00d3NICAS DE LASALLISTAS EN CASA\u201d ES UN ESPACIO EN EL QUE NUESTRA COMUNIDAD ESTUDIANTIL NOS COMPARTE SUS EXPERIENCIAS Y REFLEXIONES EN TORNO A LA SITUACI\u00d3N QUE ENFRENTAMOS ANTE LA PANDEMIA POR COVID 19.<br \/>\nHOY LES COMPARTIMOS EL ESCRITO DE ADRIANA HERN\u00c1NDEZ DE LA MAESTR\u00cdA EN FISCAL.<\/p>\n<p>\u00a0<\/p>\n<p style=\"text-align: justify\">Iniciaba el dos mil veinte &#8230;<\/p>\n","protected":false},"author":9,"featured_media":29641,"comment_status":"closed","ping_status":"closed","sticky":false,"template":"","format":"gallery","meta":{"_acf_changed":false,"footnotes":""},"categories":[31,389],"tags":[427],"class_list":["post-29640","post","type-post","status-publish","format-gallery","has-post-thumbnail","hentry","category-noticias","category-posgrado","tag-cronicas-de-lasallistas-en-casa","post_format-post-format-gallery"],"acf":[],"yoast_head":"<!-- This site is optimized with the Yoast SEO plugin v26.3 - https:\/\/yoast.com\/wordpress\/plugins\/seo\/ -->\n<title>Cr\u00f3nicas de Lasallistas en Casa | Adriana Hern\u00e1ndez | Maestr\u00eda en Fiscal. - Noticias La Salle Oaxaca<\/title>\n<meta name=\"robots\" content=\"index, follow, max-snippet:-1, max-image-preview:large, max-video-preview:-1\" \/>\n<link rel=\"canonical\" href=\"https:\/\/noticias.ulsaoaxaca.edu.mx\/index.php\/2020\/07\/27\/cronicas-de-lasallistas-en-casa-adriana-hernandez-maestria-en-fiscal\/\" \/>\n<meta property=\"og:locale\" content=\"es_MX\" \/>\n<meta property=\"og:type\" content=\"article\" \/>\n<meta property=\"og:title\" content=\"Cr\u00f3nicas de Lasallistas en Casa | Adriana Hern\u00e1ndez | Maestr\u00eda en Fiscal. - Noticias La Salle Oaxaca\" \/>\n<meta property=\"og:description\" content=\"27 DE JULIO DE 2020 \u00a0 \u201cCR\u00d3NICAS DE LASALLISTAS EN CASA\u201d ES UN ESPACIO EN EL QUE NUESTRA COMUNIDAD ESTUDIANTIL NOS COMPARTE SUS EXPERIENCIAS Y REFLEXIONES EN TORNO A LA SITUACI\u00d3N QUE ENFRENTAMOS ANTE LA PANDEMIA POR COVID 19. HOY LES COMPARTIMOS EL ESCRITO DE ADRIANA HERN\u00c1NDEZ DE LA MAESTR\u00cdA EN FISCAL. \u00a0 Iniciaba el dos mil veinte ...\" \/>\n<meta property=\"og:url\" content=\"https:\/\/noticias.ulsaoaxaca.edu.mx\/index.php\/2020\/07\/27\/cronicas-de-lasallistas-en-casa-adriana-hernandez-maestria-en-fiscal\/\" \/>\n<meta property=\"og:site_name\" content=\"Noticias La Salle Oaxaca\" \/>\n<meta property=\"article:published_time\" content=\"2020-07-27T20:34:47+00:00\" \/>\n<meta property=\"article:modified_time\" content=\"2020-07-27T20:34:49+00:00\" \/>\n<meta property=\"og:image\" content=\"https:\/\/noticias.ulsaoaxaca.edu.mx\/wp-content\/uploads\/2020\/07\/CRONICAS-19.jpg\" \/>\n\t<meta property=\"og:image:width\" content=\"1280\" \/>\n\t<meta property=\"og:image:height\" content=\"670\" \/>\n\t<meta property=\"og:image:type\" content=\"image\/jpeg\" \/>\n<meta name=\"author\" content=\"Karina Cruz Saldivar\" \/>\n<meta name=\"twitter:card\" content=\"summary_large_image\" \/>\n<meta name=\"twitter:label1\" content=\"Escrito por\" \/>\n\t<meta name=\"twitter:data1\" content=\"Karina Cruz Saldivar\" \/>\n\t<meta name=\"twitter:label2\" content=\"Tiempo de lectura\" \/>\n\t<meta name=\"twitter:data2\" content=\"3 minutos\" \/>\n<script type=\"application\/ld+json\" class=\"yoast-schema-graph\">{\"@context\":\"https:\/\/schema.org\",\"@graph\":[{\"@type\":\"WebPage\",\"@id\":\"https:\/\/noticias.ulsaoaxaca.edu.mx\/index.php\/2020\/07\/27\/cronicas-de-lasallistas-en-casa-adriana-hernandez-maestria-en-fiscal\/\",\"url\":\"https:\/\/noticias.ulsaoaxaca.edu.mx\/index.php\/2020\/07\/27\/cronicas-de-lasallistas-en-casa-adriana-hernandez-maestria-en-fiscal\/\",\"name\":\"Cr\u00f3nicas de Lasallistas en Casa | Adriana Hern\u00e1ndez | Maestr\u00eda en Fiscal. - Noticias La Salle Oaxaca\",\"isPartOf\":{\"@id\":\"https:\/\/noticias.ulsaoaxaca.edu.mx\/#website\"},\"primaryImageOfPage\":{\"@id\":\"https:\/\/noticias.ulsaoaxaca.edu.mx\/index.php\/2020\/07\/27\/cronicas-de-lasallistas-en-casa-adriana-hernandez-maestria-en-fiscal\/#primaryimage\"},\"image\":{\"@id\":\"https:\/\/noticias.ulsaoaxaca.edu.mx\/index.php\/2020\/07\/27\/cronicas-de-lasallistas-en-casa-adriana-hernandez-maestria-en-fiscal\/#primaryimage\"},\"thumbnailUrl\":\"https:\/\/noticias.ulsaoaxaca.edu.mx\/wp-content\/uploads\/2020\/07\/CRONICAS-19.jpg\",\"datePublished\":\"2020-07-27T20:34:47+00:00\",\"dateModified\":\"2020-07-27T20:34:49+00:00\",\"author\":{\"@id\":\"https:\/\/noticias.ulsaoaxaca.edu.mx\/#\/schema\/person\/437437cc502682ba35a1fa031ca68536\"},\"breadcrumb\":{\"@id\":\"https:\/\/noticias.ulsaoaxaca.edu.mx\/index.php\/2020\/07\/27\/cronicas-de-lasallistas-en-casa-adriana-hernandez-maestria-en-fiscal\/#breadcrumb\"},\"inLanguage\":\"es\",\"potentialAction\":[{\"@type\":\"ReadAction\",\"target\":[\"https:\/\/noticias.ulsaoaxaca.edu.mx\/index.php\/2020\/07\/27\/cronicas-de-lasallistas-en-casa-adriana-hernandez-maestria-en-fiscal\/\"]}]},{\"@type\":\"ImageObject\",\"inLanguage\":\"es\",\"@id\":\"https:\/\/noticias.ulsaoaxaca.edu.mx\/index.php\/2020\/07\/27\/cronicas-de-lasallistas-en-casa-adriana-hernandez-maestria-en-fiscal\/#primaryimage\",\"url\":\"https:\/\/noticias.ulsaoaxaca.edu.mx\/wp-content\/uploads\/2020\/07\/CRONICAS-19.jpg\",\"contentUrl\":\"https:\/\/noticias.ulsaoaxaca.edu.mx\/wp-content\/uploads\/2020\/07\/CRONICAS-19.jpg\",\"width\":1280,\"height\":670},{\"@type\":\"BreadcrumbList\",\"@id\":\"https:\/\/noticias.ulsaoaxaca.edu.mx\/index.php\/2020\/07\/27\/cronicas-de-lasallistas-en-casa-adriana-hernandez-maestria-en-fiscal\/#breadcrumb\",\"itemListElement\":[{\"@type\":\"ListItem\",\"position\":1,\"name\":\"Inicio\",\"item\":\"https:\/\/noticias.ulsaoaxaca.edu.mx\/\"},{\"@type\":\"ListItem\",\"position\":2,\"name\":\"Cr\u00f3nicas de Lasallistas en Casa | Adriana Hern\u00e1ndez | Maestr\u00eda en Fiscal.\"}]},{\"@type\":\"WebSite\",\"@id\":\"https:\/\/noticias.ulsaoaxaca.edu.mx\/#website\",\"url\":\"https:\/\/noticias.ulsaoaxaca.edu.mx\/\",\"name\":\"Noticias La Salle Oaxaca\",\"description\":\"Noticias La Salle Oaxaca\",\"potentialAction\":[{\"@type\":\"SearchAction\",\"target\":{\"@type\":\"EntryPoint\",\"urlTemplate\":\"https:\/\/noticias.ulsaoaxaca.edu.mx\/?s={search_term_string}\"},\"query-input\":{\"@type\":\"PropertyValueSpecification\",\"valueRequired\":true,\"valueName\":\"search_term_string\"}}],\"inLanguage\":\"es\"},{\"@type\":\"Person\",\"@id\":\"https:\/\/noticias.ulsaoaxaca.edu.mx\/#\/schema\/person\/437437cc502682ba35a1fa031ca68536\",\"name\":\"Karina Cruz Saldivar\",\"image\":{\"@type\":\"ImageObject\",\"inLanguage\":\"es\",\"@id\":\"https:\/\/noticias.ulsaoaxaca.edu.mx\/#\/schema\/person\/image\/\",\"url\":\"https:\/\/secure.gravatar.com\/avatar\/3ba03ae1ab3c919c5efb511ae848bab006986001b2ab78f72acd44c9156c1211?s=96&d=mm&r=g\",\"contentUrl\":\"https:\/\/secure.gravatar.com\/avatar\/3ba03ae1ab3c919c5efb511ae848bab006986001b2ab78f72acd44c9156c1211?s=96&d=mm&r=g\",\"caption\":\"Karina Cruz Saldivar\"},\"url\":\"https:\/\/noticias.ulsaoaxaca.edu.mx\/index.php\/author\/karina\/\"}]}<\/script>\n<!-- \/ Yoast SEO plugin. -->","yoast_head_json":{"title":"Cr\u00f3nicas de Lasallistas en Casa | Adriana Hern\u00e1ndez | Maestr\u00eda en Fiscal. - Noticias La Salle Oaxaca","robots":{"index":"index","follow":"follow","max-snippet":"max-snippet:-1","max-image-preview":"max-image-preview:large","max-video-preview":"max-video-preview:-1"},"canonical":"https:\/\/noticias.ulsaoaxaca.edu.mx\/index.php\/2020\/07\/27\/cronicas-de-lasallistas-en-casa-adriana-hernandez-maestria-en-fiscal\/","og_locale":"es_MX","og_type":"article","og_title":"Cr\u00f3nicas de Lasallistas en Casa | Adriana Hern\u00e1ndez | Maestr\u00eda en Fiscal. - Noticias La Salle Oaxaca","og_description":"27 DE JULIO DE 2020 \u00a0 \u201cCR\u00d3NICAS DE LASALLISTAS EN CASA\u201d ES UN ESPACIO EN EL QUE NUESTRA COMUNIDAD ESTUDIANTIL NOS COMPARTE SUS EXPERIENCIAS Y REFLEXIONES EN TORNO A LA SITUACI\u00d3N QUE ENFRENTAMOS ANTE LA PANDEMIA POR COVID 19. HOY LES COMPARTIMOS EL ESCRITO DE ADRIANA HERN\u00c1NDEZ DE LA MAESTR\u00cdA EN FISCAL. \u00a0 Iniciaba el dos mil veinte ...","og_url":"https:\/\/noticias.ulsaoaxaca.edu.mx\/index.php\/2020\/07\/27\/cronicas-de-lasallistas-en-casa-adriana-hernandez-maestria-en-fiscal\/","og_site_name":"Noticias La Salle Oaxaca","article_published_time":"2020-07-27T20:34:47+00:00","article_modified_time":"2020-07-27T20:34:49+00:00","og_image":[{"width":1280,"height":670,"url":"https:\/\/noticias.ulsaoaxaca.edu.mx\/wp-content\/uploads\/2020\/07\/CRONICAS-19.jpg","type":"image\/jpeg"}],"author":"Karina Cruz Saldivar","twitter_card":"summary_large_image","twitter_misc":{"Escrito por":"Karina Cruz Saldivar","Tiempo de lectura":"3 minutos"},"schema":{"@context":"https:\/\/schema.org","@graph":[{"@type":"WebPage","@id":"https:\/\/noticias.ulsaoaxaca.edu.mx\/index.php\/2020\/07\/27\/cronicas-de-lasallistas-en-casa-adriana-hernandez-maestria-en-fiscal\/","url":"https:\/\/noticias.ulsaoaxaca.edu.mx\/index.php\/2020\/07\/27\/cronicas-de-lasallistas-en-casa-adriana-hernandez-maestria-en-fiscal\/","name":"Cr\u00f3nicas de Lasallistas en Casa | Adriana Hern\u00e1ndez | Maestr\u00eda en Fiscal. - Noticias La Salle Oaxaca","isPartOf":{"@id":"https:\/\/noticias.ulsaoaxaca.edu.mx\/#website"},"primaryImageOfPage":{"@id":"https:\/\/noticias.ulsaoaxaca.edu.mx\/index.php\/2020\/07\/27\/cronicas-de-lasallistas-en-casa-adriana-hernandez-maestria-en-fiscal\/#primaryimage"},"image":{"@id":"https:\/\/noticias.ulsaoaxaca.edu.mx\/index.php\/2020\/07\/27\/cronicas-de-lasallistas-en-casa-adriana-hernandez-maestria-en-fiscal\/#primaryimage"},"thumbnailUrl":"https:\/\/noticias.ulsaoaxaca.edu.mx\/wp-content\/uploads\/2020\/07\/CRONICAS-19.jpg","datePublished":"2020-07-27T20:34:47+00:00","dateModified":"2020-07-27T20:34:49+00:00","author":{"@id":"https:\/\/noticias.ulsaoaxaca.edu.mx\/#\/schema\/person\/437437cc502682ba35a1fa031ca68536"},"breadcrumb":{"@id":"https:\/\/noticias.ulsaoaxaca.edu.mx\/index.php\/2020\/07\/27\/cronicas-de-lasallistas-en-casa-adriana-hernandez-maestria-en-fiscal\/#breadcrumb"},"inLanguage":"es","potentialAction":[{"@type":"ReadAction","target":["https:\/\/noticias.ulsaoaxaca.edu.mx\/index.php\/2020\/07\/27\/cronicas-de-lasallistas-en-casa-adriana-hernandez-maestria-en-fiscal\/"]}]},{"@type":"ImageObject","inLanguage":"es","@id":"https:\/\/noticias.ulsaoaxaca.edu.mx\/index.php\/2020\/07\/27\/cronicas-de-lasallistas-en-casa-adriana-hernandez-maestria-en-fiscal\/#primaryimage","url":"https:\/\/noticias.ulsaoaxaca.edu.mx\/wp-content\/uploads\/2020\/07\/CRONICAS-19.jpg","contentUrl":"https:\/\/noticias.ulsaoaxaca.edu.mx\/wp-content\/uploads\/2020\/07\/CRONICAS-19.jpg","width":1280,"height":670},{"@type":"BreadcrumbList","@id":"https:\/\/noticias.ulsaoaxaca.edu.mx\/index.php\/2020\/07\/27\/cronicas-de-lasallistas-en-casa-adriana-hernandez-maestria-en-fiscal\/#breadcrumb","itemListElement":[{"@type":"ListItem","position":1,"name":"Inicio","item":"https:\/\/noticias.ulsaoaxaca.edu.mx\/"},{"@type":"ListItem","position":2,"name":"Cr\u00f3nicas de Lasallistas en Casa | Adriana Hern\u00e1ndez | Maestr\u00eda en Fiscal."}]},{"@type":"WebSite","@id":"https:\/\/noticias.ulsaoaxaca.edu.mx\/#website","url":"https:\/\/noticias.ulsaoaxaca.edu.mx\/","name":"Noticias La Salle Oaxaca","description":"Noticias La Salle Oaxaca","potentialAction":[{"@type":"SearchAction","target":{"@type":"EntryPoint","urlTemplate":"https:\/\/noticias.ulsaoaxaca.edu.mx\/?s={search_term_string}"},"query-input":{"@type":"PropertyValueSpecification","valueRequired":true,"valueName":"search_term_string"}}],"inLanguage":"es"},{"@type":"Person","@id":"https:\/\/noticias.ulsaoaxaca.edu.mx\/#\/schema\/person\/437437cc502682ba35a1fa031ca68536","name":"Karina Cruz Saldivar","image":{"@type":"ImageObject","inLanguage":"es","@id":"https:\/\/noticias.ulsaoaxaca.edu.mx\/#\/schema\/person\/image\/","url":"https:\/\/secure.gravatar.com\/avatar\/3ba03ae1ab3c919c5efb511ae848bab006986001b2ab78f72acd44c9156c1211?s=96&d=mm&r=g","contentUrl":"https:\/\/secure.gravatar.com\/avatar\/3ba03ae1ab3c919c5efb511ae848bab006986001b2ab78f72acd44c9156c1211?s=96&d=mm&r=g","caption":"Karina Cruz Saldivar"},"url":"https:\/\/noticias.ulsaoaxaca.edu.mx\/index.php\/author\/karina\/"}]}},"_links":{"self":[{"href":"https:\/\/noticias.ulsaoaxaca.edu.mx\/index.php\/wp-json\/wp\/v2\/posts\/29640","targetHints":{"allow":["GET"]}}],"collection":[{"href":"https:\/\/noticias.ulsaoaxaca.edu.mx\/index.php\/wp-json\/wp\/v2\/posts"}],"about":[{"href":"https:\/\/noticias.ulsaoaxaca.edu.mx\/index.php\/wp-json\/wp\/v2\/types\/post"}],"author":[{"embeddable":true,"href":"https:\/\/noticias.ulsaoaxaca.edu.mx\/index.php\/wp-json\/wp\/v2\/users\/9"}],"replies":[{"embeddable":true,"href":"https:\/\/noticias.ulsaoaxaca.edu.mx\/index.php\/wp-json\/wp\/v2\/comments?post=29640"}],"version-history":[{"count":2,"href":"https:\/\/noticias.ulsaoaxaca.edu.mx\/index.php\/wp-json\/wp\/v2\/posts\/29640\/revisions"}],"predecessor-version":[{"id":29643,"href":"https:\/\/noticias.ulsaoaxaca.edu.mx\/index.php\/wp-json\/wp\/v2\/posts\/29640\/revisions\/29643"}],"wp:featuredmedia":[{"embeddable":true,"href":"https:\/\/noticias.ulsaoaxaca.edu.mx\/index.php\/wp-json\/wp\/v2\/media\/29641"}],"wp:attachment":[{"href":"https:\/\/noticias.ulsaoaxaca.edu.mx\/index.php\/wp-json\/wp\/v2\/media?parent=29640"}],"wp:term":[{"taxonomy":"category","embeddable":true,"href":"https:\/\/noticias.ulsaoaxaca.edu.mx\/index.php\/wp-json\/wp\/v2\/categories?post=29640"},{"taxonomy":"post_tag","embeddable":true,"href":"https:\/\/noticias.ulsaoaxaca.edu.mx\/index.php\/wp-json\/wp\/v2\/tags?post=29640"}],"curies":[{"name":"wp","href":"https:\/\/api.w.org\/{rel}","templated":true}]}}