{"id":30729,"date":"2021-02-19T12:09:28","date_gmt":"2021-02-19T18:09:28","guid":{"rendered":"https:\/\/noticias.ulsaoaxaca.edu.mx\/?p=30729"},"modified":"2021-02-19T12:09:29","modified_gmt":"2021-02-19T18:09:29","slug":"conversaciones-interculturales-en-un-entorno-virtual-2a-edicion","status":"publish","type":"post","link":"https:\/\/noticias.ulsaoaxaca.edu.mx\/index.php\/2021\/02\/19\/conversaciones-interculturales-en-un-entorno-virtual-2a-edicion\/","title":{"rendered":"\u201cConversaciones interculturales\u201d en un entorno virtual | 2a Edici\u00f3n"},"content":{"rendered":"\n<p style=\"text-align: justify\"><span data-contrast=\"auto\">Las experiencias de internacionalizaci\u00f3n e interculturalidad son posibles aun en la distancia,<\/span><span data-contrast=\"auto\"> as\u00ed lo demuestran estudiantes de nuestra Universidad y de <a href=\"https:\/\/www.vcu.edu\/\">Virginia Commonwealth University<\/a> quienes&nbsp; se re\u00fanen por segundo semestre consecutivo para desarrollar la actividad \u201cConversaciones interculturales\u201d, en un entorno virtual.<\/span>&nbsp;<\/p>\n<p style=\"text-align: justify\">En este segundo ejercicio, participan 10 estudiantes de La Salle Oaxaca y seis estudiantes de VCU pertenecientes a distintas disciplinas acad\u00e9micas como Ingenier\u00edas, Lenguas Modernas, Psicolog\u00eda, Gastronom\u00eda y Ciencias Econ\u00f3mico Administrativas quienes desde los inicios del mes de febrero se re\u00fanen todos los martes para exponer y compartir diferentes temas con sus compa\u00f1eros para dar apertura al di\u00e1logo.<\/p>\n<p style=\"text-align: justify\">A trav\u00e9s de este ejercicio, ambas instituciones fortalecen las estrategias de internacionalizaci\u00f3n en casa para proporcionar a nuestra Comunidad experiencias de formaci\u00f3n intercultural.<\/p>\n<p style=\"text-align: justify\">Agradecemos de manera especial el acompa\u00f1amiento de las Responsables que encabezan esta actividad, Mtra. Audrey Short, Subdirectora Interina de Programaci\u00f3n Acad\u00e9mica y Coordinadora de Extensi\u00f3n del Campus VCU; Mtra. Amy Miller del Departamento de Estudiantes en el extranjero; y la Mtra. Biiniza Mat\u00edas Pineda, Responsable de Internacionalizaci\u00f3n e Interculturalidad de nuestra Universidad.<\/p>\n<p style=\"text-align: justify\">Le recordamos a nuestra Comunidad estudiantil, que las opciones de movilidad virtual est\u00e1n a su disposici\u00f3n,&nbsp; pueden consultar los detalles escribiendo un correo a<em> biiniza.matias@ulsaoaxaca.edu.mx con copia a su Coordinaci\u00f3n Acad\u00e9mica.<\/em><\/p>\n<p style=\"text-align: center\">Sigamos promoviendo el di\u00e1logo y la pluralidad de opiniones para experiencias m\u00e1s enriquecedoras.<\/p>\n<p style=\"text-align: justify\"><em><span style=\"color: #000000\"><strong>Aun en la distancia, permanezcamos unidos.<\/strong><\/span><\/em><\/p>\n\n\n","protected":false},"excerpt":{"rendered":"<p style=\"text-align: justify\">Las experiencias de internacionalizaci\u00f3n e interculturalidad son posibles aun en la distancia, as\u00ed lo demuestran estudiantes de nuestra Universidad y de Virginia Commonwealth University quienes&nbsp; se re\u00fanen por segundo semestre consecutivo para desarrollar la actividad \u201cConversaciones interculturales\u201d, en un entorno virtual.&nbsp;<\/p>\n<p style=\"text-align: justify\">En este segundo ejercicio, participan 10 estudiantes de La Salle Oaxaca &#8230;<\/p>\n","protected":false},"author":12,"featured_media":30733,"comment_status":"closed","ping_status":"closed","sticky":false,"template":"","format":"gallery","meta":{"_acf_changed":false,"footnotes":""},"categories":[415,410,386,187,436,31],"tags":[193],"class_list":["post-30729","post","type-post","status-publish","format-gallery","has-post-thumbnail","hentry","category-escuela-de-ciencias-de-la-salud","category-escuela-de-ciencias-economico-administrativas","category-escuela-de-ciencias-sociales-y-humanidades","category-escuela-de-ingenierias-y-arquitectura","category-internacionalizacion","category-noticias","tag-internacionalizacion","post_format-post-format-gallery"],"acf":[],"yoast_head":"<!-- This site is optimized with the Yoast SEO plugin v26.3 - https:\/\/yoast.com\/wordpress\/plugins\/seo\/ -->\n<title>\u201cConversaciones interculturales\u201d en un entorno virtual | 2a Edici\u00f3n - Noticias La Salle Oaxaca<\/title>\n<meta name=\"description\" content=\"Estudiantes de la Universidad y de Virginia Commonwealth University (VCU) se re\u00fanen por segundo semestre consecutivo para desarrollar la actividad de \u201cConversaciones interculturales\u201d en un entorno virtual.\" \/>\n<meta name=\"robots\" content=\"index, follow, max-snippet:-1, max-image-preview:large, max-video-preview:-1\" \/>\n<link rel=\"canonical\" href=\"https:\/\/noticias.ulsaoaxaca.edu.mx\/index.php\/2021\/02\/19\/conversaciones-interculturales-en-un-entorno-virtual-2a-edicion\/\" \/>\n<meta property=\"og:locale\" content=\"es_MX\" \/>\n<meta property=\"og:type\" content=\"article\" \/>\n<meta property=\"og:title\" content=\"\u201cConversaciones interculturales\u201d en un entorno virtual | 2a Edici\u00f3n - Noticias La Salle Oaxaca\" \/>\n<meta property=\"og:description\" content=\"Estudiantes de la Universidad y de Virginia Commonwealth University (VCU) se re\u00fanen por segundo semestre consecutivo para desarrollar la actividad de \u201cConversaciones interculturales\u201d en un entorno virtual.\" \/>\n<meta property=\"og:url\" content=\"https:\/\/noticias.ulsaoaxaca.edu.mx\/index.php\/2021\/02\/19\/conversaciones-interculturales-en-un-entorno-virtual-2a-edicion\/\" \/>\n<meta property=\"og:site_name\" content=\"Noticias La Salle Oaxaca\" \/>\n<meta property=\"article:published_time\" content=\"2021-02-19T18:09:28+00:00\" \/>\n<meta property=\"article:modified_time\" content=\"2021-02-19T18:09:29+00:00\" \/>\n<meta property=\"og:image\" content=\"https:\/\/noticias.ulsaoaxaca.edu.mx\/wp-content\/uploads\/2021\/02\/VCU2.png\" \/>\n\t<meta property=\"og:image:width\" content=\"1541\" \/>\n\t<meta property=\"og:image:height\" content=\"937\" \/>\n\t<meta property=\"og:image:type\" content=\"image\/png\" \/>\n<meta name=\"author\" content=\"Lisset Miguel\" \/>\n<meta name=\"twitter:card\" content=\"summary_large_image\" \/>\n<meta name=\"twitter:label1\" content=\"Escrito por\" \/>\n\t<meta name=\"twitter:data1\" content=\"Lisset Miguel\" \/>\n\t<meta name=\"twitter:label2\" content=\"Tiempo de lectura\" \/>\n\t<meta name=\"twitter:data2\" content=\"1 minuto\" \/>\n<script type=\"application\/ld+json\" class=\"yoast-schema-graph\">{\"@context\":\"https:\/\/schema.org\",\"@graph\":[{\"@type\":\"WebPage\",\"@id\":\"https:\/\/noticias.ulsaoaxaca.edu.mx\/index.php\/2021\/02\/19\/conversaciones-interculturales-en-un-entorno-virtual-2a-edicion\/\",\"url\":\"https:\/\/noticias.ulsaoaxaca.edu.mx\/index.php\/2021\/02\/19\/conversaciones-interculturales-en-un-entorno-virtual-2a-edicion\/\",\"name\":\"\u201cConversaciones interculturales\u201d en un entorno virtual | 2a Edici\u00f3n - Noticias La Salle Oaxaca\",\"isPartOf\":{\"@id\":\"https:\/\/noticias.ulsaoaxaca.edu.mx\/#website\"},\"primaryImageOfPage\":{\"@id\":\"https:\/\/noticias.ulsaoaxaca.edu.mx\/index.php\/2021\/02\/19\/conversaciones-interculturales-en-un-entorno-virtual-2a-edicion\/#primaryimage\"},\"image\":{\"@id\":\"https:\/\/noticias.ulsaoaxaca.edu.mx\/index.php\/2021\/02\/19\/conversaciones-interculturales-en-un-entorno-virtual-2a-edicion\/#primaryimage\"},\"thumbnailUrl\":\"https:\/\/noticias.ulsaoaxaca.edu.mx\/wp-content\/uploads\/2021\/02\/VCU2.png\",\"datePublished\":\"2021-02-19T18:09:28+00:00\",\"dateModified\":\"2021-02-19T18:09:29+00:00\",\"author\":{\"@id\":\"https:\/\/noticias.ulsaoaxaca.edu.mx\/#\/schema\/person\/81dae6da3a03a00481bfc01635dda099\"},\"description\":\"Estudiantes de la Universidad y de Virginia Commonwealth University (VCU) se re\u00fanen por segundo semestre consecutivo para desarrollar la actividad de \u201cConversaciones interculturales\u201d en un entorno virtual.\",\"breadcrumb\":{\"@id\":\"https:\/\/noticias.ulsaoaxaca.edu.mx\/index.php\/2021\/02\/19\/conversaciones-interculturales-en-un-entorno-virtual-2a-edicion\/#breadcrumb\"},\"inLanguage\":\"es\",\"potentialAction\":[{\"@type\":\"ReadAction\",\"target\":[\"https:\/\/noticias.ulsaoaxaca.edu.mx\/index.php\/2021\/02\/19\/conversaciones-interculturales-en-un-entorno-virtual-2a-edicion\/\"]}]},{\"@type\":\"ImageObject\",\"inLanguage\":\"es\",\"@id\":\"https:\/\/noticias.ulsaoaxaca.edu.mx\/index.php\/2021\/02\/19\/conversaciones-interculturales-en-un-entorno-virtual-2a-edicion\/#primaryimage\",\"url\":\"https:\/\/noticias.ulsaoaxaca.edu.mx\/wp-content\/uploads\/2021\/02\/VCU2.png\",\"contentUrl\":\"https:\/\/noticias.ulsaoaxaca.edu.mx\/wp-content\/uploads\/2021\/02\/VCU2.png\",\"width\":1541,\"height\":937},{\"@type\":\"BreadcrumbList\",\"@id\":\"https:\/\/noticias.ulsaoaxaca.edu.mx\/index.php\/2021\/02\/19\/conversaciones-interculturales-en-un-entorno-virtual-2a-edicion\/#breadcrumb\",\"itemListElement\":[{\"@type\":\"ListItem\",\"position\":1,\"name\":\"Inicio\",\"item\":\"https:\/\/noticias.ulsaoaxaca.edu.mx\/\"},{\"@type\":\"ListItem\",\"position\":2,\"name\":\"\u201cConversaciones interculturales\u201d en un entorno virtual | 2a Edici\u00f3n\"}]},{\"@type\":\"WebSite\",\"@id\":\"https:\/\/noticias.ulsaoaxaca.edu.mx\/#website\",\"url\":\"https:\/\/noticias.ulsaoaxaca.edu.mx\/\",\"name\":\"Noticias La Salle Oaxaca\",\"description\":\"Noticias La Salle Oaxaca\",\"potentialAction\":[{\"@type\":\"SearchAction\",\"target\":{\"@type\":\"EntryPoint\",\"urlTemplate\":\"https:\/\/noticias.ulsaoaxaca.edu.mx\/?s={search_term_string}\"},\"query-input\":{\"@type\":\"PropertyValueSpecification\",\"valueRequired\":true,\"valueName\":\"search_term_string\"}}],\"inLanguage\":\"es\"},{\"@type\":\"Person\",\"@id\":\"https:\/\/noticias.ulsaoaxaca.edu.mx\/#\/schema\/person\/81dae6da3a03a00481bfc01635dda099\",\"name\":\"Lisset Miguel\",\"image\":{\"@type\":\"ImageObject\",\"inLanguage\":\"es\",\"@id\":\"https:\/\/noticias.ulsaoaxaca.edu.mx\/#\/schema\/person\/image\/\",\"url\":\"https:\/\/secure.gravatar.com\/avatar\/acdd7a43156e9b483da8fc496c62783cb8098a66829aca2b993033e038fd7b13?s=96&d=mm&r=g\",\"contentUrl\":\"https:\/\/secure.gravatar.com\/avatar\/acdd7a43156e9b483da8fc496c62783cb8098a66829aca2b993033e038fd7b13?s=96&d=mm&r=g\",\"caption\":\"Lisset Miguel\"},\"url\":\"https:\/\/noticias.ulsaoaxaca.edu.mx\/index.php\/author\/lisset-miguel\/\"}]}<\/script>\n<!-- \/ Yoast SEO plugin. -->","yoast_head_json":{"title":"\u201cConversaciones interculturales\u201d en un entorno virtual | 2a Edici\u00f3n - Noticias La Salle Oaxaca","description":"Estudiantes de la Universidad y de Virginia Commonwealth University (VCU) se re\u00fanen por segundo semestre consecutivo para desarrollar la actividad de \u201cConversaciones interculturales\u201d en un entorno virtual.","robots":{"index":"index","follow":"follow","max-snippet":"max-snippet:-1","max-image-preview":"max-image-preview:large","max-video-preview":"max-video-preview:-1"},"canonical":"https:\/\/noticias.ulsaoaxaca.edu.mx\/index.php\/2021\/02\/19\/conversaciones-interculturales-en-un-entorno-virtual-2a-edicion\/","og_locale":"es_MX","og_type":"article","og_title":"\u201cConversaciones interculturales\u201d en un entorno virtual | 2a Edici\u00f3n - Noticias La Salle Oaxaca","og_description":"Estudiantes de la Universidad y de Virginia Commonwealth University (VCU) se re\u00fanen por segundo semestre consecutivo para desarrollar la actividad de \u201cConversaciones interculturales\u201d en un entorno virtual.","og_url":"https:\/\/noticias.ulsaoaxaca.edu.mx\/index.php\/2021\/02\/19\/conversaciones-interculturales-en-un-entorno-virtual-2a-edicion\/","og_site_name":"Noticias La Salle Oaxaca","article_published_time":"2021-02-19T18:09:28+00:00","article_modified_time":"2021-02-19T18:09:29+00:00","og_image":[{"width":1541,"height":937,"url":"https:\/\/noticias.ulsaoaxaca.edu.mx\/wp-content\/uploads\/2021\/02\/VCU2.png","type":"image\/png"}],"author":"Lisset Miguel","twitter_card":"summary_large_image","twitter_misc":{"Escrito por":"Lisset Miguel","Tiempo de lectura":"1 minuto"},"schema":{"@context":"https:\/\/schema.org","@graph":[{"@type":"WebPage","@id":"https:\/\/noticias.ulsaoaxaca.edu.mx\/index.php\/2021\/02\/19\/conversaciones-interculturales-en-un-entorno-virtual-2a-edicion\/","url":"https:\/\/noticias.ulsaoaxaca.edu.mx\/index.php\/2021\/02\/19\/conversaciones-interculturales-en-un-entorno-virtual-2a-edicion\/","name":"\u201cConversaciones interculturales\u201d en un entorno virtual | 2a Edici\u00f3n - Noticias La Salle Oaxaca","isPartOf":{"@id":"https:\/\/noticias.ulsaoaxaca.edu.mx\/#website"},"primaryImageOfPage":{"@id":"https:\/\/noticias.ulsaoaxaca.edu.mx\/index.php\/2021\/02\/19\/conversaciones-interculturales-en-un-entorno-virtual-2a-edicion\/#primaryimage"},"image":{"@id":"https:\/\/noticias.ulsaoaxaca.edu.mx\/index.php\/2021\/02\/19\/conversaciones-interculturales-en-un-entorno-virtual-2a-edicion\/#primaryimage"},"thumbnailUrl":"https:\/\/noticias.ulsaoaxaca.edu.mx\/wp-content\/uploads\/2021\/02\/VCU2.png","datePublished":"2021-02-19T18:09:28+00:00","dateModified":"2021-02-19T18:09:29+00:00","author":{"@id":"https:\/\/noticias.ulsaoaxaca.edu.mx\/#\/schema\/person\/81dae6da3a03a00481bfc01635dda099"},"description":"Estudiantes de la Universidad y de Virginia Commonwealth University (VCU) se re\u00fanen por segundo semestre consecutivo para desarrollar la actividad de \u201cConversaciones interculturales\u201d en un entorno virtual.","breadcrumb":{"@id":"https:\/\/noticias.ulsaoaxaca.edu.mx\/index.php\/2021\/02\/19\/conversaciones-interculturales-en-un-entorno-virtual-2a-edicion\/#breadcrumb"},"inLanguage":"es","potentialAction":[{"@type":"ReadAction","target":["https:\/\/noticias.ulsaoaxaca.edu.mx\/index.php\/2021\/02\/19\/conversaciones-interculturales-en-un-entorno-virtual-2a-edicion\/"]}]},{"@type":"ImageObject","inLanguage":"es","@id":"https:\/\/noticias.ulsaoaxaca.edu.mx\/index.php\/2021\/02\/19\/conversaciones-interculturales-en-un-entorno-virtual-2a-edicion\/#primaryimage","url":"https:\/\/noticias.ulsaoaxaca.edu.mx\/wp-content\/uploads\/2021\/02\/VCU2.png","contentUrl":"https:\/\/noticias.ulsaoaxaca.edu.mx\/wp-content\/uploads\/2021\/02\/VCU2.png","width":1541,"height":937},{"@type":"BreadcrumbList","@id":"https:\/\/noticias.ulsaoaxaca.edu.mx\/index.php\/2021\/02\/19\/conversaciones-interculturales-en-un-entorno-virtual-2a-edicion\/#breadcrumb","itemListElement":[{"@type":"ListItem","position":1,"name":"Inicio","item":"https:\/\/noticias.ulsaoaxaca.edu.mx\/"},{"@type":"ListItem","position":2,"name":"\u201cConversaciones interculturales\u201d en un entorno virtual | 2a Edici\u00f3n"}]},{"@type":"WebSite","@id":"https:\/\/noticias.ulsaoaxaca.edu.mx\/#website","url":"https:\/\/noticias.ulsaoaxaca.edu.mx\/","name":"Noticias La Salle Oaxaca","description":"Noticias La Salle Oaxaca","potentialAction":[{"@type":"SearchAction","target":{"@type":"EntryPoint","urlTemplate":"https:\/\/noticias.ulsaoaxaca.edu.mx\/?s={search_term_string}"},"query-input":{"@type":"PropertyValueSpecification","valueRequired":true,"valueName":"search_term_string"}}],"inLanguage":"es"},{"@type":"Person","@id":"https:\/\/noticias.ulsaoaxaca.edu.mx\/#\/schema\/person\/81dae6da3a03a00481bfc01635dda099","name":"Lisset Miguel","image":{"@type":"ImageObject","inLanguage":"es","@id":"https:\/\/noticias.ulsaoaxaca.edu.mx\/#\/schema\/person\/image\/","url":"https:\/\/secure.gravatar.com\/avatar\/acdd7a43156e9b483da8fc496c62783cb8098a66829aca2b993033e038fd7b13?s=96&d=mm&r=g","contentUrl":"https:\/\/secure.gravatar.com\/avatar\/acdd7a43156e9b483da8fc496c62783cb8098a66829aca2b993033e038fd7b13?s=96&d=mm&r=g","caption":"Lisset Miguel"},"url":"https:\/\/noticias.ulsaoaxaca.edu.mx\/index.php\/author\/lisset-miguel\/"}]}},"_links":{"self":[{"href":"https:\/\/noticias.ulsaoaxaca.edu.mx\/index.php\/wp-json\/wp\/v2\/posts\/30729","targetHints":{"allow":["GET"]}}],"collection":[{"href":"https:\/\/noticias.ulsaoaxaca.edu.mx\/index.php\/wp-json\/wp\/v2\/posts"}],"about":[{"href":"https:\/\/noticias.ulsaoaxaca.edu.mx\/index.php\/wp-json\/wp\/v2\/types\/post"}],"author":[{"embeddable":true,"href":"https:\/\/noticias.ulsaoaxaca.edu.mx\/index.php\/wp-json\/wp\/v2\/users\/12"}],"replies":[{"embeddable":true,"href":"https:\/\/noticias.ulsaoaxaca.edu.mx\/index.php\/wp-json\/wp\/v2\/comments?post=30729"}],"version-history":[{"count":19,"href":"https:\/\/noticias.ulsaoaxaca.edu.mx\/index.php\/wp-json\/wp\/v2\/posts\/30729\/revisions"}],"predecessor-version":[{"id":30766,"href":"https:\/\/noticias.ulsaoaxaca.edu.mx\/index.php\/wp-json\/wp\/v2\/posts\/30729\/revisions\/30766"}],"wp:featuredmedia":[{"embeddable":true,"href":"https:\/\/noticias.ulsaoaxaca.edu.mx\/index.php\/wp-json\/wp\/v2\/media\/30733"}],"wp:attachment":[{"href":"https:\/\/noticias.ulsaoaxaca.edu.mx\/index.php\/wp-json\/wp\/v2\/media?parent=30729"}],"wp:term":[{"taxonomy":"category","embeddable":true,"href":"https:\/\/noticias.ulsaoaxaca.edu.mx\/index.php\/wp-json\/wp\/v2\/categories?post=30729"},{"taxonomy":"post_tag","embeddable":true,"href":"https:\/\/noticias.ulsaoaxaca.edu.mx\/index.php\/wp-json\/wp\/v2\/tags?post=30729"}],"curies":[{"name":"wp","href":"https:\/\/api.w.org\/{rel}","templated":true}]}}