{"id":31892,"date":"2021-07-08T12:10:28","date_gmt":"2021-07-08T17:10:28","guid":{"rendered":"https:\/\/noticias.ulsaoaxaca.edu.mx\/?p=31892"},"modified":"2021-07-08T12:10:29","modified_gmt":"2021-07-08T17:10:29","slug":"realiza-la-salle-oaxaca-ceremonia-de-cierre-de-proyectos-coil","status":"publish","type":"post","link":"https:\/\/noticias.ulsaoaxaca.edu.mx\/index.php\/2021\/07\/08\/realiza-la-salle-oaxaca-ceremonia-de-cierre-de-proyectos-coil\/","title":{"rendered":"Realiza La Salle Oaxaca ceremonia de cierre de proyectos COIL"},"content":{"rendered":"\n<p style=\"text-align: justify\">\u201cEligieron el otro camino, el que pocos frecuentan y del que hoy concluimos una etapa y s\u00ed, solo es una etapa, buena, satisfactoria, pero una etapa. El camino sigue y los retos ser\u00e1n mayores, y para esos nuevos retos est\u00e1n estos grandes esp\u00edritus, estas mentes y estos corazones que estoy segura, jam\u00e1s elegir\u00e1n los caminos de bajada porque esos caminos no son para ustedes\u201d destac\u00f3 nuestra Rectora, durante la ceremonia de cierre de aplicaci\u00f3n de los proyectos pertenecientes al Collaborative OnLine International Learning (COIL), en la cual participaron tambi\u00e9n docentes y estudiantes de distintas instituciones Lasallistas.<\/p>\n<p style=\"text-align: justify\">Dicha actividad se desarroll\u00f3 durante el semestre enero-junio del presente a\u00f1o con el objetivo de asociar a estudiantes y profesores en un entorno multicultural, global y virtual que involucr\u00f3 estrategias de internacionalizaci\u00f3n en casa.<\/p>\n<p style=\"text-align: justify\">La participaci\u00f3n de nuestras cuatro escuelas en compa\u00f1\u00eda de las Universidades De La Salle Baj\u00edo, La Salle Nezahualc\u00f3yotl, La Salle Bolivia, UniLaSalle R\u00edo de Janeiro, La Salle Canoas, La Salle Colombia, La Salle M\u00e9xico y De La Salle-College of Saint Benilde Manila se reflej\u00f3 a trav\u00e9s de los siguientes proyectos:<\/p>\n<p><strong>&#8211; Escuela de Ciencias de la Salud &#8211;<\/strong><\/p>\n<p>La inclusi\u00f3n para personas con discapacidad.<br \/>Propuesta de actividad f\u00edsica para el ODS 3 a trav\u00e9s de la investigaci\u00f3n.<\/p>\n<p><strong>&#8211; Escuela de Ciencias Sociales y Humanidades &#8211;<\/strong><br \/>Educaci\u00f3n inclusiva y dificultades de aprendizaje en tiempos de COVID-19.<br \/>Investigaci\u00f3n e interculturalidad.<\/p>\n<p style=\"text-align: justify\"><strong>-Escuela de Ciencias Econ\u00f3mico-Administrativas &#8211;<\/strong><br \/>Objetivo de Desarrollo Sostenible: Trabajo decente y crecimiento econ\u00f3mico.<br \/>Los procedimientos aduaneros de las importaciones entre M\u00e9xico y Bolivia.<br \/>Educaci\u00f3n de Calidad para el sistema tur\u00edstico vinculando trabajo decente, crecimiento econ\u00f3mico e innovaci\u00f3n.<\/p>\n<p style=\"text-align: justify\"><strong>&#8211; Escuela de Ingenier\u00edas y Arquitectura-<\/strong><br \/>Contaminaci\u00f3n h\u00eddrica, problem\u00e1tica ambiental Oaxaca-Bogot\u00e1.<\/p>\n<p style=\"text-align: justify\">Con la presentaci\u00f3n de estos trabajos colaborativos, nuestra Comunidad da apertura a nuevas relaciones acad\u00e9micas que vislumbran distintas posibilidades de crecimiento y mejora en nuestra sociedad.<\/p>\n<p style=\"text-align: justify\">Si est\u00e1s interesado en participar el siguiente semestre en una actividad de Internacionalizaci\u00f3n e Interculturalidad desde casa, puedes escribir un correo a biiniza.matias@ulsaoaxaca.edu.mx para obtener todos los detalles.<\/p>\n<p style=\"text-align: justify\">\u00a0<\/p>\n<p style=\"text-align: center\">Aun en la distancia, permanezcamos unidos.<\/p>\n<p>\u00a0<\/p>\n","protected":false},"excerpt":{"rendered":"<p style=\"text-align: justify\">\u201cEligieron el otro camino, el que pocos frecuentan y del que hoy concluimos una etapa y s\u00ed, solo es una etapa, buena, satisfactoria, pero una etapa. El camino sigue y los retos ser\u00e1n mayores, y para esos nuevos retos est\u00e1n estos grandes esp\u00edritus, estas mentes y estos corazones que estoy segura, jam\u00e1s elegir\u00e1n &#8230;<\/p>\n","protected":false},"author":12,"featured_media":31893,"comment_status":"closed","ping_status":"closed","sticky":false,"template":"","format":"gallery","meta":{"_acf_changed":false,"footnotes":""},"categories":[436,31],"tags":[439,544,545],"class_list":["post-31892","post","type-post","status-publish","format-gallery","has-post-thumbnail","hentry","category-internacionalizacion","category-noticias","tag-coil","tag-internacionalizacion-en-casa","tag-multiculturalidad","post_format-post-format-gallery"],"acf":[],"yoast_head":"<!-- This site is optimized with the Yoast SEO plugin v26.3 - https:\/\/yoast.com\/wordpress\/plugins\/seo\/ -->\n<title>Realiza La Salle Oaxaca ceremonia de cierre de proyectos COIL - Noticias La Salle Oaxaca<\/title>\n<meta name=\"robots\" content=\"index, follow, max-snippet:-1, max-image-preview:large, max-video-preview:-1\" \/>\n<link rel=\"canonical\" href=\"https:\/\/noticias.ulsaoaxaca.edu.mx\/index.php\/2021\/07\/08\/realiza-la-salle-oaxaca-ceremonia-de-cierre-de-proyectos-coil\/\" \/>\n<meta property=\"og:locale\" content=\"es_MX\" \/>\n<meta property=\"og:type\" content=\"article\" \/>\n<meta property=\"og:title\" content=\"Realiza La Salle Oaxaca ceremonia de cierre de proyectos COIL - Noticias La Salle Oaxaca\" \/>\n<meta property=\"og:description\" content=\"\u201cEligieron el otro camino, el que pocos frecuentan y del que hoy concluimos una etapa y s\u00ed, solo es una etapa, buena, satisfactoria, pero una etapa. El camino sigue y los retos ser\u00e1n mayores, y para esos nuevos retos est\u00e1n estos grandes esp\u00edritus, estas mentes y estos corazones que estoy segura, jam\u00e1s elegir\u00e1n ...\" \/>\n<meta property=\"og:url\" content=\"https:\/\/noticias.ulsaoaxaca.edu.mx\/index.php\/2021\/07\/08\/realiza-la-salle-oaxaca-ceremonia-de-cierre-de-proyectos-coil\/\" \/>\n<meta property=\"og:site_name\" content=\"Noticias La Salle Oaxaca\" \/>\n<meta property=\"article:published_time\" content=\"2021-07-08T17:10:28+00:00\" \/>\n<meta property=\"article:modified_time\" content=\"2021-07-08T17:10:29+00:00\" \/>\n<meta property=\"og:image\" content=\"https:\/\/noticias.ulsaoaxaca.edu.mx\/wp-content\/uploads\/2021\/07\/COIL2-scaled.jpg\" \/>\n\t<meta property=\"og:image:width\" content=\"2560\" \/>\n\t<meta property=\"og:image:height\" content=\"1440\" \/>\n\t<meta property=\"og:image:type\" content=\"image\/jpeg\" \/>\n<meta name=\"author\" content=\"Lisset Miguel\" \/>\n<meta name=\"twitter:card\" content=\"summary_large_image\" \/>\n<meta name=\"twitter:label1\" content=\"Escrito por\" \/>\n\t<meta name=\"twitter:data1\" content=\"Lisset Miguel\" \/>\n\t<meta name=\"twitter:label2\" content=\"Tiempo de lectura\" \/>\n\t<meta name=\"twitter:data2\" content=\"2 minutos\" \/>\n<script type=\"application\/ld+json\" class=\"yoast-schema-graph\">{\"@context\":\"https:\/\/schema.org\",\"@graph\":[{\"@type\":\"WebPage\",\"@id\":\"https:\/\/noticias.ulsaoaxaca.edu.mx\/index.php\/2021\/07\/08\/realiza-la-salle-oaxaca-ceremonia-de-cierre-de-proyectos-coil\/\",\"url\":\"https:\/\/noticias.ulsaoaxaca.edu.mx\/index.php\/2021\/07\/08\/realiza-la-salle-oaxaca-ceremonia-de-cierre-de-proyectos-coil\/\",\"name\":\"Realiza La Salle Oaxaca ceremonia de cierre de proyectos COIL - Noticias La Salle Oaxaca\",\"isPartOf\":{\"@id\":\"https:\/\/noticias.ulsaoaxaca.edu.mx\/#website\"},\"primaryImageOfPage\":{\"@id\":\"https:\/\/noticias.ulsaoaxaca.edu.mx\/index.php\/2021\/07\/08\/realiza-la-salle-oaxaca-ceremonia-de-cierre-de-proyectos-coil\/#primaryimage\"},\"image\":{\"@id\":\"https:\/\/noticias.ulsaoaxaca.edu.mx\/index.php\/2021\/07\/08\/realiza-la-salle-oaxaca-ceremonia-de-cierre-de-proyectos-coil\/#primaryimage\"},\"thumbnailUrl\":\"https:\/\/noticias.ulsaoaxaca.edu.mx\/wp-content\/uploads\/2021\/07\/COIL2-scaled.jpg\",\"datePublished\":\"2021-07-08T17:10:28+00:00\",\"dateModified\":\"2021-07-08T17:10:29+00:00\",\"author\":{\"@id\":\"https:\/\/noticias.ulsaoaxaca.edu.mx\/#\/schema\/person\/81dae6da3a03a00481bfc01635dda099\"},\"breadcrumb\":{\"@id\":\"https:\/\/noticias.ulsaoaxaca.edu.mx\/index.php\/2021\/07\/08\/realiza-la-salle-oaxaca-ceremonia-de-cierre-de-proyectos-coil\/#breadcrumb\"},\"inLanguage\":\"es\",\"potentialAction\":[{\"@type\":\"ReadAction\",\"target\":[\"https:\/\/noticias.ulsaoaxaca.edu.mx\/index.php\/2021\/07\/08\/realiza-la-salle-oaxaca-ceremonia-de-cierre-de-proyectos-coil\/\"]}]},{\"@type\":\"ImageObject\",\"inLanguage\":\"es\",\"@id\":\"https:\/\/noticias.ulsaoaxaca.edu.mx\/index.php\/2021\/07\/08\/realiza-la-salle-oaxaca-ceremonia-de-cierre-de-proyectos-coil\/#primaryimage\",\"url\":\"https:\/\/noticias.ulsaoaxaca.edu.mx\/wp-content\/uploads\/2021\/07\/COIL2-scaled.jpg\",\"contentUrl\":\"https:\/\/noticias.ulsaoaxaca.edu.mx\/wp-content\/uploads\/2021\/07\/COIL2-scaled.jpg\",\"width\":2560,\"height\":1440},{\"@type\":\"BreadcrumbList\",\"@id\":\"https:\/\/noticias.ulsaoaxaca.edu.mx\/index.php\/2021\/07\/08\/realiza-la-salle-oaxaca-ceremonia-de-cierre-de-proyectos-coil\/#breadcrumb\",\"itemListElement\":[{\"@type\":\"ListItem\",\"position\":1,\"name\":\"Inicio\",\"item\":\"https:\/\/noticias.ulsaoaxaca.edu.mx\/\"},{\"@type\":\"ListItem\",\"position\":2,\"name\":\"Realiza La Salle Oaxaca ceremonia de cierre de proyectos COIL\"}]},{\"@type\":\"WebSite\",\"@id\":\"https:\/\/noticias.ulsaoaxaca.edu.mx\/#website\",\"url\":\"https:\/\/noticias.ulsaoaxaca.edu.mx\/\",\"name\":\"Noticias La Salle Oaxaca\",\"description\":\"Noticias La Salle Oaxaca\",\"potentialAction\":[{\"@type\":\"SearchAction\",\"target\":{\"@type\":\"EntryPoint\",\"urlTemplate\":\"https:\/\/noticias.ulsaoaxaca.edu.mx\/?s={search_term_string}\"},\"query-input\":{\"@type\":\"PropertyValueSpecification\",\"valueRequired\":true,\"valueName\":\"search_term_string\"}}],\"inLanguage\":\"es\"},{\"@type\":\"Person\",\"@id\":\"https:\/\/noticias.ulsaoaxaca.edu.mx\/#\/schema\/person\/81dae6da3a03a00481bfc01635dda099\",\"name\":\"Lisset Miguel\",\"image\":{\"@type\":\"ImageObject\",\"inLanguage\":\"es\",\"@id\":\"https:\/\/noticias.ulsaoaxaca.edu.mx\/#\/schema\/person\/image\/\",\"url\":\"https:\/\/secure.gravatar.com\/avatar\/acdd7a43156e9b483da8fc496c62783cb8098a66829aca2b993033e038fd7b13?s=96&d=mm&r=g\",\"contentUrl\":\"https:\/\/secure.gravatar.com\/avatar\/acdd7a43156e9b483da8fc496c62783cb8098a66829aca2b993033e038fd7b13?s=96&d=mm&r=g\",\"caption\":\"Lisset Miguel\"},\"url\":\"https:\/\/noticias.ulsaoaxaca.edu.mx\/index.php\/author\/lisset-miguel\/\"}]}<\/script>\n<!-- \/ Yoast SEO plugin. -->","yoast_head_json":{"title":"Realiza La Salle Oaxaca ceremonia de cierre de proyectos COIL - Noticias La Salle Oaxaca","robots":{"index":"index","follow":"follow","max-snippet":"max-snippet:-1","max-image-preview":"max-image-preview:large","max-video-preview":"max-video-preview:-1"},"canonical":"https:\/\/noticias.ulsaoaxaca.edu.mx\/index.php\/2021\/07\/08\/realiza-la-salle-oaxaca-ceremonia-de-cierre-de-proyectos-coil\/","og_locale":"es_MX","og_type":"article","og_title":"Realiza La Salle Oaxaca ceremonia de cierre de proyectos COIL - Noticias La Salle Oaxaca","og_description":"\u201cEligieron el otro camino, el que pocos frecuentan y del que hoy concluimos una etapa y s\u00ed, solo es una etapa, buena, satisfactoria, pero una etapa. El camino sigue y los retos ser\u00e1n mayores, y para esos nuevos retos est\u00e1n estos grandes esp\u00edritus, estas mentes y estos corazones que estoy segura, jam\u00e1s elegir\u00e1n ...","og_url":"https:\/\/noticias.ulsaoaxaca.edu.mx\/index.php\/2021\/07\/08\/realiza-la-salle-oaxaca-ceremonia-de-cierre-de-proyectos-coil\/","og_site_name":"Noticias La Salle Oaxaca","article_published_time":"2021-07-08T17:10:28+00:00","article_modified_time":"2021-07-08T17:10:29+00:00","og_image":[{"width":2560,"height":1440,"url":"https:\/\/noticias.ulsaoaxaca.edu.mx\/wp-content\/uploads\/2021\/07\/COIL2-scaled.jpg","type":"image\/jpeg"}],"author":"Lisset Miguel","twitter_card":"summary_large_image","twitter_misc":{"Escrito por":"Lisset Miguel","Tiempo de lectura":"2 minutos"},"schema":{"@context":"https:\/\/schema.org","@graph":[{"@type":"WebPage","@id":"https:\/\/noticias.ulsaoaxaca.edu.mx\/index.php\/2021\/07\/08\/realiza-la-salle-oaxaca-ceremonia-de-cierre-de-proyectos-coil\/","url":"https:\/\/noticias.ulsaoaxaca.edu.mx\/index.php\/2021\/07\/08\/realiza-la-salle-oaxaca-ceremonia-de-cierre-de-proyectos-coil\/","name":"Realiza La Salle Oaxaca ceremonia de cierre de proyectos COIL - Noticias La Salle Oaxaca","isPartOf":{"@id":"https:\/\/noticias.ulsaoaxaca.edu.mx\/#website"},"primaryImageOfPage":{"@id":"https:\/\/noticias.ulsaoaxaca.edu.mx\/index.php\/2021\/07\/08\/realiza-la-salle-oaxaca-ceremonia-de-cierre-de-proyectos-coil\/#primaryimage"},"image":{"@id":"https:\/\/noticias.ulsaoaxaca.edu.mx\/index.php\/2021\/07\/08\/realiza-la-salle-oaxaca-ceremonia-de-cierre-de-proyectos-coil\/#primaryimage"},"thumbnailUrl":"https:\/\/noticias.ulsaoaxaca.edu.mx\/wp-content\/uploads\/2021\/07\/COIL2-scaled.jpg","datePublished":"2021-07-08T17:10:28+00:00","dateModified":"2021-07-08T17:10:29+00:00","author":{"@id":"https:\/\/noticias.ulsaoaxaca.edu.mx\/#\/schema\/person\/81dae6da3a03a00481bfc01635dda099"},"breadcrumb":{"@id":"https:\/\/noticias.ulsaoaxaca.edu.mx\/index.php\/2021\/07\/08\/realiza-la-salle-oaxaca-ceremonia-de-cierre-de-proyectos-coil\/#breadcrumb"},"inLanguage":"es","potentialAction":[{"@type":"ReadAction","target":["https:\/\/noticias.ulsaoaxaca.edu.mx\/index.php\/2021\/07\/08\/realiza-la-salle-oaxaca-ceremonia-de-cierre-de-proyectos-coil\/"]}]},{"@type":"ImageObject","inLanguage":"es","@id":"https:\/\/noticias.ulsaoaxaca.edu.mx\/index.php\/2021\/07\/08\/realiza-la-salle-oaxaca-ceremonia-de-cierre-de-proyectos-coil\/#primaryimage","url":"https:\/\/noticias.ulsaoaxaca.edu.mx\/wp-content\/uploads\/2021\/07\/COIL2-scaled.jpg","contentUrl":"https:\/\/noticias.ulsaoaxaca.edu.mx\/wp-content\/uploads\/2021\/07\/COIL2-scaled.jpg","width":2560,"height":1440},{"@type":"BreadcrumbList","@id":"https:\/\/noticias.ulsaoaxaca.edu.mx\/index.php\/2021\/07\/08\/realiza-la-salle-oaxaca-ceremonia-de-cierre-de-proyectos-coil\/#breadcrumb","itemListElement":[{"@type":"ListItem","position":1,"name":"Inicio","item":"https:\/\/noticias.ulsaoaxaca.edu.mx\/"},{"@type":"ListItem","position":2,"name":"Realiza La Salle Oaxaca ceremonia de cierre de proyectos COIL"}]},{"@type":"WebSite","@id":"https:\/\/noticias.ulsaoaxaca.edu.mx\/#website","url":"https:\/\/noticias.ulsaoaxaca.edu.mx\/","name":"Noticias La Salle Oaxaca","description":"Noticias La Salle Oaxaca","potentialAction":[{"@type":"SearchAction","target":{"@type":"EntryPoint","urlTemplate":"https:\/\/noticias.ulsaoaxaca.edu.mx\/?s={search_term_string}"},"query-input":{"@type":"PropertyValueSpecification","valueRequired":true,"valueName":"search_term_string"}}],"inLanguage":"es"},{"@type":"Person","@id":"https:\/\/noticias.ulsaoaxaca.edu.mx\/#\/schema\/person\/81dae6da3a03a00481bfc01635dda099","name":"Lisset Miguel","image":{"@type":"ImageObject","inLanguage":"es","@id":"https:\/\/noticias.ulsaoaxaca.edu.mx\/#\/schema\/person\/image\/","url":"https:\/\/secure.gravatar.com\/avatar\/acdd7a43156e9b483da8fc496c62783cb8098a66829aca2b993033e038fd7b13?s=96&d=mm&r=g","contentUrl":"https:\/\/secure.gravatar.com\/avatar\/acdd7a43156e9b483da8fc496c62783cb8098a66829aca2b993033e038fd7b13?s=96&d=mm&r=g","caption":"Lisset Miguel"},"url":"https:\/\/noticias.ulsaoaxaca.edu.mx\/index.php\/author\/lisset-miguel\/"}]}},"_links":{"self":[{"href":"https:\/\/noticias.ulsaoaxaca.edu.mx\/index.php\/wp-json\/wp\/v2\/posts\/31892","targetHints":{"allow":["GET"]}}],"collection":[{"href":"https:\/\/noticias.ulsaoaxaca.edu.mx\/index.php\/wp-json\/wp\/v2\/posts"}],"about":[{"href":"https:\/\/noticias.ulsaoaxaca.edu.mx\/index.php\/wp-json\/wp\/v2\/types\/post"}],"author":[{"embeddable":true,"href":"https:\/\/noticias.ulsaoaxaca.edu.mx\/index.php\/wp-json\/wp\/v2\/users\/12"}],"replies":[{"embeddable":true,"href":"https:\/\/noticias.ulsaoaxaca.edu.mx\/index.php\/wp-json\/wp\/v2\/comments?post=31892"}],"version-history":[{"count":4,"href":"https:\/\/noticias.ulsaoaxaca.edu.mx\/index.php\/wp-json\/wp\/v2\/posts\/31892\/revisions"}],"predecessor-version":[{"id":31897,"href":"https:\/\/noticias.ulsaoaxaca.edu.mx\/index.php\/wp-json\/wp\/v2\/posts\/31892\/revisions\/31897"}],"wp:featuredmedia":[{"embeddable":true,"href":"https:\/\/noticias.ulsaoaxaca.edu.mx\/index.php\/wp-json\/wp\/v2\/media\/31893"}],"wp:attachment":[{"href":"https:\/\/noticias.ulsaoaxaca.edu.mx\/index.php\/wp-json\/wp\/v2\/media?parent=31892"}],"wp:term":[{"taxonomy":"category","embeddable":true,"href":"https:\/\/noticias.ulsaoaxaca.edu.mx\/index.php\/wp-json\/wp\/v2\/categories?post=31892"},{"taxonomy":"post_tag","embeddable":true,"href":"https:\/\/noticias.ulsaoaxaca.edu.mx\/index.php\/wp-json\/wp\/v2\/tags?post=31892"}],"curies":[{"name":"wp","href":"https:\/\/api.w.org\/{rel}","templated":true}]}}