{"id":41800,"date":"2026-04-29T17:24:57","date_gmt":"2026-04-29T23:24:57","guid":{"rendered":"https:\/\/noticias.ulsaoaxaca.edu.mx\/?p=41800"},"modified":"2026-04-29T17:26:06","modified_gmt":"2026-04-29T23:26:06","slug":"talento-lasallista-se-hace-presente-en-la-expo-oaxaca-emprende-2026","status":"publish","type":"post","link":"https:\/\/noticias.ulsaoaxaca.edu.mx\/index.php\/2026\/04\/29\/talento-lasallista-se-hace-presente-en-la-expo-oaxaca-emprende-2026\/","title":{"rendered":"Talento Lasallista se hace presente en la Expo Oaxaca Emprende 2026"},"content":{"rendered":"\n<p>El pasado 24 y 25 de abril, la Universidad La Salle Oaxaca fue sede de la Tercera Edici\u00f3n de la Expo Oaxaca Emprende. Este evento se consolid\u00f3 como un intercambio de ideas, talento y oportunidades entre equipos con ideas innovadoras de distintas instituciones.<\/p>\n\n\n\n<p><a href=\"https:\/\/noticias.ulsaoaxaca.edu.mx\/wp-content\/uploads\/2026\/04\/24-Oaxaca-Emprende0M3A6608-1.jpg\" class=\"light\"><img loading=\"lazy\" decoding=\"async\" class=\"aligncenter size-full wp-image-41801\" src=\"https:\/\/noticias.ulsaoaxaca.edu.mx\/wp-content\/uploads\/2026\/04\/24-Oaxaca-Emprende0M3A6608-1.jpg\" alt=\"\" width=\"4936\" height=\"3291\" \/><\/a><\/p>\n\n\n\n<p>A lo largo de su participaci\u00f3n, los competidores recibieron orientaci\u00f3n mediante talleres de coaching empresarial, mentor\u00edas especializadas y acompa\u00f1amiento profesional para nutrir su iniciativa.<\/p>\n\n\n\n<p><a href=\"https:\/\/noticias.ulsaoaxaca.edu.mx\/wp-content\/uploads\/2026\/04\/24-Oaxaca-Emprende0M3A6690-1.jpg\" class=\"light\"><img loading=\"lazy\" decoding=\"async\" class=\"aligncenter size-full wp-image-41802\" src=\"https:\/\/noticias.ulsaoaxaca.edu.mx\/wp-content\/uploads\/2026\/04\/24-Oaxaca-Emprende0M3A6690-1.jpg\" alt=\"\" width=\"4936\" height=\"3291\" \/><\/a><\/p>\n\n\n\n<p>De los 27 equipos finalistas, nuestra casa de estudios destac\u00f3 con 6 proyectos que buscan abonar a la construcci\u00f3n de un mejor futuro para nuestro estado. Los grupos se presentaron en las siguientes categor\u00edas:<\/p>\n\n\n\n<p><a href=\"https:\/\/noticias.ulsaoaxaca.edu.mx\/wp-content\/uploads\/2026\/04\/24-Oaxaca-Emprende0M3A6494-1.jpg\" class=\"light\"><img loading=\"lazy\" decoding=\"async\" class=\"aligncenter size-full wp-image-41803\" src=\"https:\/\/noticias.ulsaoaxaca.edu.mx\/wp-content\/uploads\/2026\/04\/24-Oaxaca-Emprende0M3A6494-1.jpg\" alt=\"\" width=\"4936\" height=\"3291\" \/><\/a><\/p>\n\n\n\n<p>En \u201cInnovaci\u00f3n, tecnolog\u00eda y finanzas\u201d; participaron los equipos <strong><em>Flick Up<\/em><\/strong> y <strong><em>Red Vital<\/em><\/strong>, mientras que en \u201cDesarrollo sustentable y del medio ambiente\u201d; <strong><em>Mabeza<\/em><\/strong> y <strong><em>Booma<\/em><\/strong>, se hicieron notar. Por su parte, <strong><em>Camp Tour<\/em><\/strong> destac\u00f3 con su participaci\u00f3n en la Categor\u00eda del \u201cTurismo Sostenible, Cultural y Social\u201d. Por \u00faltimo, <strong><em>Energy Her<\/em><\/strong>, se integr\u00f3 a la Categor\u00eda \u201cDesarrollo de la Salud y Productos de Nutrici\u00f3n\u201d, cada uno de ellos acompa\u00f1ados y orientados por docentes de nuestra Comunidad.<\/p>\n\n\n\n<p><a href=\"https:\/\/noticias.ulsaoaxaca.edu.mx\/wp-content\/uploads\/2026\/04\/24-Oaxaca-Emprende0M3A5892-1.jpg\" class=\"light\"><img loading=\"lazy\" decoding=\"async\" class=\"aligncenter size-full wp-image-41804\" src=\"https:\/\/noticias.ulsaoaxaca.edu.mx\/wp-content\/uploads\/2026\/04\/24-Oaxaca-Emprende0M3A5892-1.jpg\" alt=\"\" width=\"4936\" height=\"3291\" \/><\/a><\/p>\n\n\n\n<p>Nos enorgullece la creatividad y la innovaci\u00f3n que nuestros estudiantes de distintas licenciaturas han desarrollado para cada uno de sus proyectos.<\/p>\n<p>Asimismo, reconocemos a los equipos de <strong><em>Mabeza<\/em><\/strong> y <strong><em>Camp Tour<\/em><\/strong> quienes obtuvieron el <em>3er lugar<\/em> en sus respectivas categor\u00edas, poniendo en alto el nombre de nuestra instituci\u00f3n.<\/p>\n\n\n\n<p><a href=\"https:\/\/noticias.ulsaoaxaca.edu.mx\/wp-content\/uploads\/2026\/04\/24-Oaxaca-Emprende0M3A6783-1.jpg\" class=\"light\"><img loading=\"lazy\" decoding=\"async\" class=\"aligncenter size-full wp-image-41805\" src=\"https:\/\/noticias.ulsaoaxaca.edu.mx\/wp-content\/uploads\/2026\/04\/24-Oaxaca-Emprende0M3A6783-1.jpg\" alt=\"\" width=\"4936\" height=\"3291\" \/><\/a><\/p>\n\n\n\n<p>Conoce m\u00e1s sobre la historia y proyectos de los equipos participantes a trav\u00e9s de nuestro canal de YouTube en el podcast <a href=\"https:\/\/youtube.com\/playlist?list=PL2J3R6dA6gH_lih9WNZImvNgFs5Cj0tSD&amp;si=oadLWCdJEi49GX8s\"><strong><em>+All\u00e1 de La Salle<\/em><\/strong>.<\/a>\u00a0<\/p>\n\n\n","protected":false},"excerpt":{"rendered":"<p>El pasado 24 y 25 de abril, la Universidad La Salle Oaxaca fue sede de la Tercera Edici\u00f3n de la Expo Oaxaca Emprende. Este evento se consolid\u00f3 como un intercambio de ideas, talento y oportunidades entre equipos con ideas innovadoras de distintas instituciones.<\/p>\n<\/p>\n<p>A lo largo de su participaci\u00f3n, los competidores recibieron orientaci\u00f3n mediante talleres de &#8230;<\/p>\n","protected":false},"author":18,"featured_media":0,"comment_status":"closed","ping_status":"closed","sticky":false,"template":"","format":"standard","meta":{"_acf_changed":false,"footnotes":""},"categories":[1],"tags":[],"class_list":["post-41800","post","type-post","status-publish","format-standard","hentry","category-sin-categoria"],"acf":[],"yoast_head":"<!-- This site is optimized with the Yoast SEO plugin v26.3 - https:\/\/yoast.com\/wordpress\/plugins\/seo\/ -->\n<title>Talento Lasallista se hace presente en la Expo Oaxaca Emprende 2026 - Noticias La Salle Oaxaca<\/title>\n<meta name=\"robots\" content=\"index, follow, max-snippet:-1, max-image-preview:large, max-video-preview:-1\" \/>\n<link rel=\"canonical\" href=\"https:\/\/noticias.ulsaoaxaca.edu.mx\/index.php\/2026\/04\/29\/talento-lasallista-se-hace-presente-en-la-expo-oaxaca-emprende-2026\/\" \/>\n<meta property=\"og:locale\" content=\"es_MX\" \/>\n<meta property=\"og:type\" content=\"article\" \/>\n<meta property=\"og:title\" content=\"Talento Lasallista se hace presente en la Expo Oaxaca Emprende 2026 - Noticias La Salle Oaxaca\" \/>\n<meta property=\"og:description\" content=\"El pasado 24 y 25 de abril, la Universidad La Salle Oaxaca fue sede de la Tercera Edici\u00f3n de la Expo Oaxaca Emprende. Este evento se consolid\u00f3 como un intercambio de ideas, talento y oportunidades entre equipos con ideas innovadoras de distintas instituciones.    A lo largo de su participaci\u00f3n, los competidores recibieron orientaci\u00f3n mediante talleres de ...\" \/>\n<meta property=\"og:url\" content=\"https:\/\/noticias.ulsaoaxaca.edu.mx\/index.php\/2026\/04\/29\/talento-lasallista-se-hace-presente-en-la-expo-oaxaca-emprende-2026\/\" \/>\n<meta property=\"og:site_name\" content=\"Noticias La Salle Oaxaca\" \/>\n<meta property=\"article:published_time\" content=\"2026-04-29T23:24:57+00:00\" \/>\n<meta property=\"article:modified_time\" content=\"2026-04-29T23:26:06+00:00\" \/>\n<meta property=\"og:image\" content=\"https:\/\/noticias.ulsaoaxaca.edu.mx\/wp-content\/uploads\/2026\/04\/24-Oaxaca-Emprende0M3A6608-1.jpg\" \/>\n\t<meta property=\"og:image:width\" content=\"4936\" \/>\n\t<meta property=\"og:image:height\" content=\"3291\" \/>\n\t<meta property=\"og:image:type\" content=\"image\/jpeg\" \/>\n<meta name=\"author\" content=\"Aline Luis Revilla\" \/>\n<meta name=\"twitter:card\" content=\"summary_large_image\" \/>\n<meta name=\"twitter:label1\" content=\"Escrito por\" \/>\n\t<meta name=\"twitter:data1\" content=\"Aline Luis Revilla\" \/>\n\t<meta name=\"twitter:label2\" content=\"Tiempo de lectura\" \/>\n\t<meta name=\"twitter:data2\" content=\"3 minutos\" \/>\n<script type=\"application\/ld+json\" class=\"yoast-schema-graph\">{\"@context\":\"https:\/\/schema.org\",\"@graph\":[{\"@type\":\"WebPage\",\"@id\":\"https:\/\/noticias.ulsaoaxaca.edu.mx\/index.php\/2026\/04\/29\/talento-lasallista-se-hace-presente-en-la-expo-oaxaca-emprende-2026\/\",\"url\":\"https:\/\/noticias.ulsaoaxaca.edu.mx\/index.php\/2026\/04\/29\/talento-lasallista-se-hace-presente-en-la-expo-oaxaca-emprende-2026\/\",\"name\":\"Talento Lasallista se hace presente en la Expo Oaxaca Emprende 2026 - Noticias La Salle Oaxaca\",\"isPartOf\":{\"@id\":\"https:\/\/noticias.ulsaoaxaca.edu.mx\/#website\"},\"primaryImageOfPage\":{\"@id\":\"https:\/\/noticias.ulsaoaxaca.edu.mx\/index.php\/2026\/04\/29\/talento-lasallista-se-hace-presente-en-la-expo-oaxaca-emprende-2026\/#primaryimage\"},\"image\":{\"@id\":\"https:\/\/noticias.ulsaoaxaca.edu.mx\/index.php\/2026\/04\/29\/talento-lasallista-se-hace-presente-en-la-expo-oaxaca-emprende-2026\/#primaryimage\"},\"thumbnailUrl\":\"https:\/\/noticias.ulsaoaxaca.edu.mx\/wp-content\/uploads\/2026\/04\/24-Oaxaca-Emprende0M3A6608-1.jpg\",\"datePublished\":\"2026-04-29T23:24:57+00:00\",\"dateModified\":\"2026-04-29T23:26:06+00:00\",\"author\":{\"@id\":\"https:\/\/noticias.ulsaoaxaca.edu.mx\/#\/schema\/person\/56299ae004611d201c4ee2fdc19c1515\"},\"breadcrumb\":{\"@id\":\"https:\/\/noticias.ulsaoaxaca.edu.mx\/index.php\/2026\/04\/29\/talento-lasallista-se-hace-presente-en-la-expo-oaxaca-emprende-2026\/#breadcrumb\"},\"inLanguage\":\"es\",\"potentialAction\":[{\"@type\":\"ReadAction\",\"target\":[\"https:\/\/noticias.ulsaoaxaca.edu.mx\/index.php\/2026\/04\/29\/talento-lasallista-se-hace-presente-en-la-expo-oaxaca-emprende-2026\/\"]}]},{\"@type\":\"ImageObject\",\"inLanguage\":\"es\",\"@id\":\"https:\/\/noticias.ulsaoaxaca.edu.mx\/index.php\/2026\/04\/29\/talento-lasallista-se-hace-presente-en-la-expo-oaxaca-emprende-2026\/#primaryimage\",\"url\":\"https:\/\/noticias.ulsaoaxaca.edu.mx\/wp-content\/uploads\/2026\/04\/24-Oaxaca-Emprende0M3A6608-1.jpg\",\"contentUrl\":\"https:\/\/noticias.ulsaoaxaca.edu.mx\/wp-content\/uploads\/2026\/04\/24-Oaxaca-Emprende0M3A6608-1.jpg\",\"width\":4936,\"height\":3291},{\"@type\":\"BreadcrumbList\",\"@id\":\"https:\/\/noticias.ulsaoaxaca.edu.mx\/index.php\/2026\/04\/29\/talento-lasallista-se-hace-presente-en-la-expo-oaxaca-emprende-2026\/#breadcrumb\",\"itemListElement\":[{\"@type\":\"ListItem\",\"position\":1,\"name\":\"Inicio\",\"item\":\"https:\/\/noticias.ulsaoaxaca.edu.mx\/\"},{\"@type\":\"ListItem\",\"position\":2,\"name\":\"Talento Lasallista se hace presente en la Expo Oaxaca Emprende 2026\"}]},{\"@type\":\"WebSite\",\"@id\":\"https:\/\/noticias.ulsaoaxaca.edu.mx\/#website\",\"url\":\"https:\/\/noticias.ulsaoaxaca.edu.mx\/\",\"name\":\"Noticias La Salle Oaxaca\",\"description\":\"Noticias La Salle Oaxaca\",\"potentialAction\":[{\"@type\":\"SearchAction\",\"target\":{\"@type\":\"EntryPoint\",\"urlTemplate\":\"https:\/\/noticias.ulsaoaxaca.edu.mx\/?s={search_term_string}\"},\"query-input\":{\"@type\":\"PropertyValueSpecification\",\"valueRequired\":true,\"valueName\":\"search_term_string\"}}],\"inLanguage\":\"es\"},{\"@type\":\"Person\",\"@id\":\"https:\/\/noticias.ulsaoaxaca.edu.mx\/#\/schema\/person\/56299ae004611d201c4ee2fdc19c1515\",\"name\":\"Aline Luis Revilla\",\"image\":{\"@type\":\"ImageObject\",\"inLanguage\":\"es\",\"@id\":\"https:\/\/noticias.ulsaoaxaca.edu.mx\/#\/schema\/person\/image\/\",\"url\":\"https:\/\/secure.gravatar.com\/avatar\/be363de7ae7b8c7809496b9df67971f119332029097459e3d57337317d9938ca?s=96&d=mm&r=g\",\"contentUrl\":\"https:\/\/secure.gravatar.com\/avatar\/be363de7ae7b8c7809496b9df67971f119332029097459e3d57337317d9938ca?s=96&d=mm&r=g\",\"caption\":\"Aline Luis Revilla\"},\"url\":\"https:\/\/noticias.ulsaoaxaca.edu.mx\/index.php\/author\/aline-luis\/\"}]}<\/script>\n<!-- \/ Yoast SEO plugin. -->","yoast_head_json":{"title":"Talento Lasallista se hace presente en la Expo Oaxaca Emprende 2026 - Noticias La Salle Oaxaca","robots":{"index":"index","follow":"follow","max-snippet":"max-snippet:-1","max-image-preview":"max-image-preview:large","max-video-preview":"max-video-preview:-1"},"canonical":"https:\/\/noticias.ulsaoaxaca.edu.mx\/index.php\/2026\/04\/29\/talento-lasallista-se-hace-presente-en-la-expo-oaxaca-emprende-2026\/","og_locale":"es_MX","og_type":"article","og_title":"Talento Lasallista se hace presente en la Expo Oaxaca Emprende 2026 - Noticias La Salle Oaxaca","og_description":"El pasado 24 y 25 de abril, la Universidad La Salle Oaxaca fue sede de la Tercera Edici\u00f3n de la Expo Oaxaca Emprende. Este evento se consolid\u00f3 como un intercambio de ideas, talento y oportunidades entre equipos con ideas innovadoras de distintas instituciones.    A lo largo de su participaci\u00f3n, los competidores recibieron orientaci\u00f3n mediante talleres de ...","og_url":"https:\/\/noticias.ulsaoaxaca.edu.mx\/index.php\/2026\/04\/29\/talento-lasallista-se-hace-presente-en-la-expo-oaxaca-emprende-2026\/","og_site_name":"Noticias La Salle Oaxaca","article_published_time":"2026-04-29T23:24:57+00:00","article_modified_time":"2026-04-29T23:26:06+00:00","og_image":[{"width":4936,"height":3291,"url":"https:\/\/noticias.ulsaoaxaca.edu.mx\/wp-content\/uploads\/2026\/04\/24-Oaxaca-Emprende0M3A6608-1.jpg","type":"image\/jpeg"}],"author":"Aline Luis Revilla","twitter_card":"summary_large_image","twitter_misc":{"Escrito por":"Aline Luis Revilla","Tiempo de lectura":"3 minutos"},"schema":{"@context":"https:\/\/schema.org","@graph":[{"@type":"WebPage","@id":"https:\/\/noticias.ulsaoaxaca.edu.mx\/index.php\/2026\/04\/29\/talento-lasallista-se-hace-presente-en-la-expo-oaxaca-emprende-2026\/","url":"https:\/\/noticias.ulsaoaxaca.edu.mx\/index.php\/2026\/04\/29\/talento-lasallista-se-hace-presente-en-la-expo-oaxaca-emprende-2026\/","name":"Talento Lasallista se hace presente en la Expo Oaxaca Emprende 2026 - Noticias La Salle Oaxaca","isPartOf":{"@id":"https:\/\/noticias.ulsaoaxaca.edu.mx\/#website"},"primaryImageOfPage":{"@id":"https:\/\/noticias.ulsaoaxaca.edu.mx\/index.php\/2026\/04\/29\/talento-lasallista-se-hace-presente-en-la-expo-oaxaca-emprende-2026\/#primaryimage"},"image":{"@id":"https:\/\/noticias.ulsaoaxaca.edu.mx\/index.php\/2026\/04\/29\/talento-lasallista-se-hace-presente-en-la-expo-oaxaca-emprende-2026\/#primaryimage"},"thumbnailUrl":"https:\/\/noticias.ulsaoaxaca.edu.mx\/wp-content\/uploads\/2026\/04\/24-Oaxaca-Emprende0M3A6608-1.jpg","datePublished":"2026-04-29T23:24:57+00:00","dateModified":"2026-04-29T23:26:06+00:00","author":{"@id":"https:\/\/noticias.ulsaoaxaca.edu.mx\/#\/schema\/person\/56299ae004611d201c4ee2fdc19c1515"},"breadcrumb":{"@id":"https:\/\/noticias.ulsaoaxaca.edu.mx\/index.php\/2026\/04\/29\/talento-lasallista-se-hace-presente-en-la-expo-oaxaca-emprende-2026\/#breadcrumb"},"inLanguage":"es","potentialAction":[{"@type":"ReadAction","target":["https:\/\/noticias.ulsaoaxaca.edu.mx\/index.php\/2026\/04\/29\/talento-lasallista-se-hace-presente-en-la-expo-oaxaca-emprende-2026\/"]}]},{"@type":"ImageObject","inLanguage":"es","@id":"https:\/\/noticias.ulsaoaxaca.edu.mx\/index.php\/2026\/04\/29\/talento-lasallista-se-hace-presente-en-la-expo-oaxaca-emprende-2026\/#primaryimage","url":"https:\/\/noticias.ulsaoaxaca.edu.mx\/wp-content\/uploads\/2026\/04\/24-Oaxaca-Emprende0M3A6608-1.jpg","contentUrl":"https:\/\/noticias.ulsaoaxaca.edu.mx\/wp-content\/uploads\/2026\/04\/24-Oaxaca-Emprende0M3A6608-1.jpg","width":4936,"height":3291},{"@type":"BreadcrumbList","@id":"https:\/\/noticias.ulsaoaxaca.edu.mx\/index.php\/2026\/04\/29\/talento-lasallista-se-hace-presente-en-la-expo-oaxaca-emprende-2026\/#breadcrumb","itemListElement":[{"@type":"ListItem","position":1,"name":"Inicio","item":"https:\/\/noticias.ulsaoaxaca.edu.mx\/"},{"@type":"ListItem","position":2,"name":"Talento Lasallista se hace presente en la Expo Oaxaca Emprende 2026"}]},{"@type":"WebSite","@id":"https:\/\/noticias.ulsaoaxaca.edu.mx\/#website","url":"https:\/\/noticias.ulsaoaxaca.edu.mx\/","name":"Noticias La Salle Oaxaca","description":"Noticias La Salle Oaxaca","potentialAction":[{"@type":"SearchAction","target":{"@type":"EntryPoint","urlTemplate":"https:\/\/noticias.ulsaoaxaca.edu.mx\/?s={search_term_string}"},"query-input":{"@type":"PropertyValueSpecification","valueRequired":true,"valueName":"search_term_string"}}],"inLanguage":"es"},{"@type":"Person","@id":"https:\/\/noticias.ulsaoaxaca.edu.mx\/#\/schema\/person\/56299ae004611d201c4ee2fdc19c1515","name":"Aline Luis Revilla","image":{"@type":"ImageObject","inLanguage":"es","@id":"https:\/\/noticias.ulsaoaxaca.edu.mx\/#\/schema\/person\/image\/","url":"https:\/\/secure.gravatar.com\/avatar\/be363de7ae7b8c7809496b9df67971f119332029097459e3d57337317d9938ca?s=96&d=mm&r=g","contentUrl":"https:\/\/secure.gravatar.com\/avatar\/be363de7ae7b8c7809496b9df67971f119332029097459e3d57337317d9938ca?s=96&d=mm&r=g","caption":"Aline Luis Revilla"},"url":"https:\/\/noticias.ulsaoaxaca.edu.mx\/index.php\/author\/aline-luis\/"}]}},"_links":{"self":[{"href":"https:\/\/noticias.ulsaoaxaca.edu.mx\/index.php\/wp-json\/wp\/v2\/posts\/41800","targetHints":{"allow":["GET"]}}],"collection":[{"href":"https:\/\/noticias.ulsaoaxaca.edu.mx\/index.php\/wp-json\/wp\/v2\/posts"}],"about":[{"href":"https:\/\/noticias.ulsaoaxaca.edu.mx\/index.php\/wp-json\/wp\/v2\/types\/post"}],"author":[{"embeddable":true,"href":"https:\/\/noticias.ulsaoaxaca.edu.mx\/index.php\/wp-json\/wp\/v2\/users\/18"}],"replies":[{"embeddable":true,"href":"https:\/\/noticias.ulsaoaxaca.edu.mx\/index.php\/wp-json\/wp\/v2\/comments?post=41800"}],"version-history":[{"count":1,"href":"https:\/\/noticias.ulsaoaxaca.edu.mx\/index.php\/wp-json\/wp\/v2\/posts\/41800\/revisions"}],"predecessor-version":[{"id":41806,"href":"https:\/\/noticias.ulsaoaxaca.edu.mx\/index.php\/wp-json\/wp\/v2\/posts\/41800\/revisions\/41806"}],"wp:attachment":[{"href":"https:\/\/noticias.ulsaoaxaca.edu.mx\/index.php\/wp-json\/wp\/v2\/media?parent=41800"}],"wp:term":[{"taxonomy":"category","embeddable":true,"href":"https:\/\/noticias.ulsaoaxaca.edu.mx\/index.php\/wp-json\/wp\/v2\/categories?post=41800"},{"taxonomy":"post_tag","embeddable":true,"href":"https:\/\/noticias.ulsaoaxaca.edu.mx\/index.php\/wp-json\/wp\/v2\/tags?post=41800"}],"curies":[{"name":"wp","href":"https:\/\/api.w.org\/{rel}","templated":true}]}}