{"id":41894,"date":"2026-09-01T13:04:31","date_gmt":"2026-09-01T19:04:31","guid":{"rendered":"https:\/\/noticias.ulsaoaxaca.edu.mx\/?p=41894"},"modified":"2026-09-01T16:37:28","modified_gmt":"2026-09-01T22:37:28","slug":"estudiantes-y-egresados-destacan-como-parte-del-proyecto-za-de-belegui","status":"publish","type":"post","link":"https:\/\/noticias.ulsaoaxaca.edu.mx\/index.php\/2026\/09\/01\/estudiantes-y-egresados-destacan-como-parte-del-proyecto-za-de-belegui\/","title":{"rendered":"Estudiantes y egresados destacan como parte del proyecto \u201cZa De Belegu\u00ed\u201d"},"content":{"rendered":"\n<figure class=\"wp-block-image size-large\"><a href=\"https:\/\/noticias.ulsaoaxaca.edu.mx\/wp-content\/uploads\/2026\/09\/23-ED-CONT-Lanzamiento-de-Globo-Aeroespacial4F7A4072.JPG-1-scaled.jpeg\" class=\"light\"><img loading=\"lazy\" decoding=\"async\" width=\"1024\" height=\"813\" src=\"https:\/\/noticias.ulsaoaxaca.edu.mx\/wp-content\/uploads\/2026\/09\/23-ED-CONT-Lanzamiento-de-Globo-Aeroespacial4F7A4072.JPG-1-1024x813.jpeg\" alt=\"\" class=\"wp-image-41896\" srcset=\"https:\/\/noticias.ulsaoaxaca.edu.mx\/wp-content\/uploads\/2026\/09\/23-ED-CONT-Lanzamiento-de-Globo-Aeroespacial4F7A4072.JPG-1-1024x813.jpeg 1024w, https:\/\/noticias.ulsaoaxaca.edu.mx\/wp-content\/uploads\/2026\/09\/23-ED-CONT-Lanzamiento-de-Globo-Aeroespacial4F7A4072.JPG-1-300x238.jpeg 300w, https:\/\/noticias.ulsaoaxaca.edu.mx\/wp-content\/uploads\/2026\/09\/23-ED-CONT-Lanzamiento-de-Globo-Aeroespacial4F7A4072.JPG-1-768x610.jpeg 768w, https:\/\/noticias.ulsaoaxaca.edu.mx\/wp-content\/uploads\/2026\/09\/23-ED-CONT-Lanzamiento-de-Globo-Aeroespacial4F7A4072.JPG-1-1536x1220.jpeg 1536w, https:\/\/noticias.ulsaoaxaca.edu.mx\/wp-content\/uploads\/2026\/09\/23-ED-CONT-Lanzamiento-de-Globo-Aeroespacial4F7A4072.JPG-1-2048x1627.jpeg 2048w, https:\/\/noticias.ulsaoaxaca.edu.mx\/wp-content\/uploads\/2026\/09\/23-ED-CONT-Lanzamiento-de-Globo-Aeroespacial4F7A4072.JPG-1-800x635.jpeg 800w, https:\/\/noticias.ulsaoaxaca.edu.mx\/wp-content\/uploads\/2026\/09\/23-ED-CONT-Lanzamiento-de-Globo-Aeroespacial4F7A4072.JPG-1-1280x1017.jpeg 1280w\" sizes=\"auto, (max-width: 1024px) 100vw, 1024px\" \/><\/a><\/figure>\n\n\n\n<p style=\"text-align: justify;\">Demostrando el potencial del trabajo multidisciplinario, estudiantes de la Escuela de Ingenier\u00edas y Arquitectura formaron parte del equipo tecnol\u00f3gico de la Misi\u00f3n \u201cZa De Belegu\u00ed\u201d, proyecto espacial impulsado por la astronauta an\u00e1loga M\u00f3nica Ortiz.<\/p>\n<p style=\"text-align: justify;\">El equipo universitario estuvo integrado por:<\/p>\n<ul style=\"text-align: justify;\">\n<li>Adiel Amaya \u2013 Estudiante de Ingenier\u00eda en Mecatr\u00f3nica<\/li>\n<li>Daniela Ortiz \u2013 Estudiante de Ingenier\u00eda en Mecatr\u00f3nica<\/li>\n<li>\u00c1ngel Francisco Mart\u00ednez Aguilar &#8211; Estudiante de Ingenier\u00eda en Software y Sistemas Computacionales<\/li>\n<li>Uziel L\u00f3pez Hern\u00e1ndez \u2013 Egresado de Ingenier\u00eda en Software y Sistemas Computacionales<\/li>\n<li>Jos\u00e9 Arturo Celaya Ram\u00edrez \u2013 Egresado de Ingenier\u00eda en Software y Sistemas Computacionales<\/li>\n<\/ul>\n<p style=\"text-align: justify;\">Quienes participaron activamente en la preparaci\u00f3n y an\u00e1lisis del lanzamiento de piezas artesanales hacia la estrat\u00f3sfera.<\/p>\n<p style=\"text-align: justify;\">El proyecto parti\u00f3 de una interrogante: \u00bfy si lanzamos un cantarito al espacio? Tras someter las artesan\u00edas a pruebas previas para confirmar su resistencia estructural, el equipo determin\u00f3 que eran aptas para ser lanzadas y evaluar su comportamiento ante condiciones extremas, para posteriormente analizar los cambios en su estructura tras su recuperaci\u00f3n.<\/p>\n<p style=\"text-align: justify;\">La madrugada del pasado domingo 23 de agosto, el equipo se reuni\u00f3 en el municipio de Zimatl\u00e1n de \u00c1lvarez para presenciar el despegue del globo meteorol\u00f3gico no tripulado que llev\u00f3 a bordo dos piezas artesanales emblem\u00e1ticas: una de barro negro y una de talavera.<\/p>\n<p style=\"text-align: justify;\">Proyectos de esta \u00edndole permiten que las y los estudiantes se involucren activamente con la investigaci\u00f3n cient\u00edfica, al tiempo que revaloran el patrimonio cultural de su estado. Asimismo, al tratarse de una iniciativa multidisciplinaria, fortalece en ellos la comprensi\u00f3n del trabajo colaborativo desde diversas perspectivas del conocimiento.<\/p>\n<p style=\"text-align: justify;\">Felicitamos a nuestros estudiantes por ser parte de esta destacada experiencia, en la que no solo aplicaron sus competencias t\u00e9cnicas, sino que tambi\u00e9n pusieron en pr\u00e1ctica los valores Lasallistas que nos distinguen. Agradecemos a los cient\u00edficos, profesionales y al equipo de la Misi\u00f3n \u201cZa De Belegu\u00ed\u201d, especialmente a la astronauta an\u00e1loga M\u00f3nica Ortiz, por abrir espacios de innovaci\u00f3n que impulsan el talento de nuestra comunidad universitaria.<\/p>\n<p style=\"text-align: justify;\">\u00a0<\/p>\n<p style=\"text-align: justify;\">INDIVISA MANENT<\/p>\n","protected":false},"excerpt":{"rendered":"<p style=\"text-align: justify;\">Demostrando el potencial del trabajo multidisciplinario, estudiantes de la Escuela de Ingenier\u00edas y Arquitectura formaron parte del equipo tecnol\u00f3gico de la Misi\u00f3n \u201cZa De Belegu\u00ed\u201d, proyecto espacial impulsado por la astronauta an\u00e1loga M\u00f3nica Ortiz.<\/p>\n<p style=\"text-align: justify;\">El equipo universitario estuvo integrado por:<\/p>\n<p>Adiel Amaya \u2013 Estudiante de Ingenier\u00eda en Mecatr\u00f3nica<br \/>\nDaniela Ortiz \u2013 Estudiante de Ingenier\u00eda &#8230;<\/p>\n","protected":false},"author":18,"featured_media":41895,"comment_status":"closed","ping_status":"closed","sticky":false,"template":"","format":"standard","meta":{"_acf_changed":false,"footnotes":""},"categories":[187],"tags":[],"class_list":["post-41894","post","type-post","status-publish","format-standard","has-post-thumbnail","hentry","category-escuela-de-ingenierias-y-arquitectura"],"acf":[],"yoast_head":"<!-- This site is optimized with the Yoast SEO plugin v28.3 - https:\/\/yoast.com\/product\/yoast-seo-wordpress\/ -->\n<title>Estudiantes y egresados destacan como parte del proyecto \u201cZa De Belegu\u00ed\u201d - Noticias La Salle Oaxaca<\/title>\n<meta name=\"robots\" content=\"index, follow, max-snippet:-1, max-image-preview:large, max-video-preview:-1\" \/>\n<link rel=\"canonical\" href=\"https:\/\/noticias.ulsaoaxaca.edu.mx\/index.php\/2026\/09\/01\/estudiantes-y-egresados-destacan-como-parte-del-proyecto-za-de-belegui\/\" \/>\n<meta property=\"og:locale\" content=\"es_MX\" \/>\n<meta property=\"og:type\" content=\"article\" \/>\n<meta property=\"og:title\" content=\"Estudiantes y egresados destacan como parte del proyecto \u201cZa De Belegu\u00ed\u201d - Noticias La Salle Oaxaca\" \/>\n<meta property=\"og:description\" content=\"Demostrando el potencial del trabajo multidisciplinario, estudiantes de la Escuela de Ingenier\u00edas y Arquitectura formaron parte del equipo tecnol\u00f3gico de la Misi\u00f3n \u201cZa De Belegu\u00ed\u201d, proyecto espacial impulsado por la astronauta an\u00e1loga M\u00f3nica Ortiz. El equipo universitario estuvo integrado por: Adiel Amaya \u2013 Estudiante de Ingenier\u00eda en Mecatr\u00f3nica Daniela Ortiz \u2013 Estudiante de Ingenier\u00eda ...\" \/>\n<meta property=\"og:url\" content=\"https:\/\/noticias.ulsaoaxaca.edu.mx\/index.php\/2026\/09\/01\/estudiantes-y-egresados-destacan-como-parte-del-proyecto-za-de-belegui\/\" \/>\n<meta property=\"og:site_name\" content=\"Noticias La Salle Oaxaca\" \/>\n<meta property=\"article:published_time\" content=\"2026-09-01T19:04:31+00:00\" \/>\n<meta property=\"article:modified_time\" content=\"2026-09-01T22:37:28+00:00\" \/>\n<meta property=\"og:image\" content=\"https:\/\/noticias.ulsaoaxaca.edu.mx\/wp-content\/uploads\/2026\/09\/23-ED-CONT-Lanzamiento-de-Globo-Aeroespacial4F7A4072.JPG-scaled.jpeg\" \/>\n\t<meta property=\"og:image:width\" content=\"2560\" \/>\n\t<meta property=\"og:image:height\" content=\"2033\" \/>\n\t<meta property=\"og:image:type\" content=\"image\/jpeg\" \/>\n<meta name=\"author\" content=\"Aline Luis Revilla\" \/>\n<meta name=\"twitter:card\" content=\"summary_large_image\" \/>\n<meta name=\"twitter:label1\" content=\"Escrito por\" \/>\n\t<meta name=\"twitter:data1\" content=\"Aline Luis Revilla\" \/>\n\t<meta name=\"twitter:label2\" content=\"Tiempo de lectura\" \/>\n\t<meta name=\"twitter:data2\" content=\"2 minutos\" \/>\n<script type=\"application\/ld+json\" class=\"yoast-schema-graph\">{\"@context\":\"https:\\\/\\\/schema.org\",\"@graph\":[{\"@type\":\"Article\",\"@id\":\"https:\\\/\\\/noticias.ulsaoaxaca.edu.mx\\\/index.php\\\/2026\\\/09\\\/01\\\/estudiantes-y-egresados-destacan-como-parte-del-proyecto-za-de-belegui\\\/#article\",\"isPartOf\":{\"@id\":\"https:\\\/\\\/noticias.ulsaoaxaca.edu.mx\\\/index.php\\\/2026\\\/09\\\/01\\\/estudiantes-y-egresados-destacan-como-parte-del-proyecto-za-de-belegui\\\/\"},\"author\":{\"name\":\"Aline Luis Revilla\",\"@id\":\"https:\\\/\\\/noticias.ulsaoaxaca.edu.mx\\\/#\\\/schema\\\/person\\\/56299ae004611d201c4ee2fdc19c1515\"},\"headline\":\"Estudiantes y egresados destacan como parte del proyecto \u201cZa De Belegu\u00ed\u201d\",\"datePublished\":\"2026-09-01T19:04:31+00:00\",\"dateModified\":\"2026-09-01T22:37:28+00:00\",\"mainEntityOfPage\":{\"@id\":\"https:\\\/\\\/noticias.ulsaoaxaca.edu.mx\\\/index.php\\\/2026\\\/09\\\/01\\\/estudiantes-y-egresados-destacan-como-parte-del-proyecto-za-de-belegui\\\/\"},\"wordCount\":362,\"image\":{\"@id\":\"https:\\\/\\\/noticias.ulsaoaxaca.edu.mx\\\/index.php\\\/2026\\\/09\\\/01\\\/estudiantes-y-egresados-destacan-como-parte-del-proyecto-za-de-belegui\\\/#primaryimage\"},\"thumbnailUrl\":\"https:\\\/\\\/noticias.ulsaoaxaca.edu.mx\\\/wp-content\\\/uploads\\\/2026\\\/09\\\/23-ED-CONT-Lanzamiento-de-Globo-Aeroespacial4F7A4072.JPG-scaled.jpeg\",\"articleSection\":[\"Escuela de Ingenier\u00edas y Arquitectura\"],\"inLanguage\":\"es\"},{\"@type\":\"WebPage\",\"@id\":\"https:\\\/\\\/noticias.ulsaoaxaca.edu.mx\\\/index.php\\\/2026\\\/09\\\/01\\\/estudiantes-y-egresados-destacan-como-parte-del-proyecto-za-de-belegui\\\/\",\"url\":\"https:\\\/\\\/noticias.ulsaoaxaca.edu.mx\\\/index.php\\\/2026\\\/09\\\/01\\\/estudiantes-y-egresados-destacan-como-parte-del-proyecto-za-de-belegui\\\/\",\"name\":\"Estudiantes y egresados destacan como parte del proyecto \u201cZa De Belegu\u00ed\u201d - Noticias La Salle Oaxaca\",\"isPartOf\":{\"@id\":\"https:\\\/\\\/noticias.ulsaoaxaca.edu.mx\\\/#website\"},\"primaryImageOfPage\":{\"@id\":\"https:\\\/\\\/noticias.ulsaoaxaca.edu.mx\\\/index.php\\\/2026\\\/09\\\/01\\\/estudiantes-y-egresados-destacan-como-parte-del-proyecto-za-de-belegui\\\/#primaryimage\"},\"image\":{\"@id\":\"https:\\\/\\\/noticias.ulsaoaxaca.edu.mx\\\/index.php\\\/2026\\\/09\\\/01\\\/estudiantes-y-egresados-destacan-como-parte-del-proyecto-za-de-belegui\\\/#primaryimage\"},\"thumbnailUrl\":\"https:\\\/\\\/noticias.ulsaoaxaca.edu.mx\\\/wp-content\\\/uploads\\\/2026\\\/09\\\/23-ED-CONT-Lanzamiento-de-Globo-Aeroespacial4F7A4072.JPG-scaled.jpeg\",\"datePublished\":\"2026-09-01T19:04:31+00:00\",\"dateModified\":\"2026-09-01T22:37:28+00:00\",\"author\":{\"@id\":\"https:\\\/\\\/noticias.ulsaoaxaca.edu.mx\\\/#\\\/schema\\\/person\\\/56299ae004611d201c4ee2fdc19c1515\"},\"breadcrumb\":{\"@id\":\"https:\\\/\\\/noticias.ulsaoaxaca.edu.mx\\\/index.php\\\/2026\\\/09\\\/01\\\/estudiantes-y-egresados-destacan-como-parte-del-proyecto-za-de-belegui\\\/#breadcrumb\"},\"inLanguage\":\"es\",\"potentialAction\":[{\"@type\":\"ReadAction\",\"target\":[\"https:\\\/\\\/noticias.ulsaoaxaca.edu.mx\\\/index.php\\\/2026\\\/09\\\/01\\\/estudiantes-y-egresados-destacan-como-parte-del-proyecto-za-de-belegui\\\/\"]}]},{\"@type\":\"ImageObject\",\"inLanguage\":\"es\",\"@id\":\"https:\\\/\\\/noticias.ulsaoaxaca.edu.mx\\\/index.php\\\/2026\\\/09\\\/01\\\/estudiantes-y-egresados-destacan-como-parte-del-proyecto-za-de-belegui\\\/#primaryimage\",\"url\":\"https:\\\/\\\/noticias.ulsaoaxaca.edu.mx\\\/wp-content\\\/uploads\\\/2026\\\/09\\\/23-ED-CONT-Lanzamiento-de-Globo-Aeroespacial4F7A4072.JPG-scaled.jpeg\",\"contentUrl\":\"https:\\\/\\\/noticias.ulsaoaxaca.edu.mx\\\/wp-content\\\/uploads\\\/2026\\\/09\\\/23-ED-CONT-Lanzamiento-de-Globo-Aeroespacial4F7A4072.JPG-scaled.jpeg\",\"width\":2560,\"height\":2033},{\"@type\":\"BreadcrumbList\",\"@id\":\"https:\\\/\\\/noticias.ulsaoaxaca.edu.mx\\\/index.php\\\/2026\\\/09\\\/01\\\/estudiantes-y-egresados-destacan-como-parte-del-proyecto-za-de-belegui\\\/#breadcrumb\",\"itemListElement\":[{\"@type\":\"ListItem\",\"position\":1,\"name\":\"Inicio\",\"item\":\"https:\\\/\\\/noticias.ulsaoaxaca.edu.mx\\\/\"},{\"@type\":\"ListItem\",\"position\":2,\"name\":\"Estudiantes y egresados destacan como parte del proyecto \u201cZa De Belegu\u00ed\u201d\"}]},{\"@type\":\"WebSite\",\"@id\":\"https:\\\/\\\/noticias.ulsaoaxaca.edu.mx\\\/#website\",\"url\":\"https:\\\/\\\/noticias.ulsaoaxaca.edu.mx\\\/\",\"name\":\"Noticias La Salle Oaxaca\",\"description\":\"Noticias La Salle Oaxaca\",\"potentialAction\":[{\"@type\":\"SearchAction\",\"target\":{\"@type\":\"EntryPoint\",\"urlTemplate\":\"https:\\\/\\\/noticias.ulsaoaxaca.edu.mx\\\/?s={search_term_string}\"},\"query-input\":{\"@type\":\"PropertyValueSpecification\",\"valueRequired\":true,\"valueName\":\"search_term_string\"}}],\"inLanguage\":\"es\"},{\"@type\":\"Person\",\"@id\":\"https:\\\/\\\/noticias.ulsaoaxaca.edu.mx\\\/#\\\/schema\\\/person\\\/56299ae004611d201c4ee2fdc19c1515\",\"name\":\"Aline Luis Revilla\",\"image\":{\"@type\":\"ImageObject\",\"inLanguage\":\"es\",\"@id\":\"https:\\\/\\\/secure.gravatar.com\\\/avatar\\\/be363de7ae7b8c7809496b9df67971f119332029097459e3d57337317d9938ca?s=96&d=mm&r=g\",\"url\":\"https:\\\/\\\/secure.gravatar.com\\\/avatar\\\/be363de7ae7b8c7809496b9df67971f119332029097459e3d57337317d9938ca?s=96&d=mm&r=g\",\"contentUrl\":\"https:\\\/\\\/secure.gravatar.com\\\/avatar\\\/be363de7ae7b8c7809496b9df67971f119332029097459e3d57337317d9938ca?s=96&d=mm&r=g\",\"caption\":\"Aline Luis Revilla\"},\"url\":\"https:\\\/\\\/noticias.ulsaoaxaca.edu.mx\\\/index.php\\\/author\\\/aline-luis\\\/\"}]}<\/script>\n<!-- \/ Yoast SEO plugin. -->","yoast_head_json":{"title":"Estudiantes y egresados destacan como parte del proyecto \u201cZa De Belegu\u00ed\u201d - Noticias La Salle Oaxaca","robots":{"index":"index","follow":"follow","max-snippet":"max-snippet:-1","max-image-preview":"max-image-preview:large","max-video-preview":"max-video-preview:-1"},"canonical":"https:\/\/noticias.ulsaoaxaca.edu.mx\/index.php\/2026\/09\/01\/estudiantes-y-egresados-destacan-como-parte-del-proyecto-za-de-belegui\/","og_locale":"es_MX","og_type":"article","og_title":"Estudiantes y egresados destacan como parte del proyecto \u201cZa De Belegu\u00ed\u201d - Noticias La Salle Oaxaca","og_description":"Demostrando el potencial del trabajo multidisciplinario, estudiantes de la Escuela de Ingenier\u00edas y Arquitectura formaron parte del equipo tecnol\u00f3gico de la Misi\u00f3n \u201cZa De Belegu\u00ed\u201d, proyecto espacial impulsado por la astronauta an\u00e1loga M\u00f3nica Ortiz. El equipo universitario estuvo integrado por: Adiel Amaya \u2013 Estudiante de Ingenier\u00eda en Mecatr\u00f3nica Daniela Ortiz \u2013 Estudiante de Ingenier\u00eda ...","og_url":"https:\/\/noticias.ulsaoaxaca.edu.mx\/index.php\/2026\/09\/01\/estudiantes-y-egresados-destacan-como-parte-del-proyecto-za-de-belegui\/","og_site_name":"Noticias La Salle Oaxaca","article_published_time":"2026-09-01T19:04:31+00:00","article_modified_time":"2026-09-01T22:37:28+00:00","og_image":[{"width":2560,"height":2033,"url":"https:\/\/noticias.ulsaoaxaca.edu.mx\/wp-content\/uploads\/2026\/09\/23-ED-CONT-Lanzamiento-de-Globo-Aeroespacial4F7A4072.JPG-scaled.jpeg","type":"image\/jpeg"}],"author":"Aline Luis Revilla","twitter_card":"summary_large_image","twitter_misc":{"Escrito por":"Aline Luis Revilla","Tiempo de lectura":"2 minutos"},"schema":{"@context":"https:\/\/schema.org","@graph":[{"@type":"Article","@id":"https:\/\/noticias.ulsaoaxaca.edu.mx\/index.php\/2026\/09\/01\/estudiantes-y-egresados-destacan-como-parte-del-proyecto-za-de-belegui\/#article","isPartOf":{"@id":"https:\/\/noticias.ulsaoaxaca.edu.mx\/index.php\/2026\/09\/01\/estudiantes-y-egresados-destacan-como-parte-del-proyecto-za-de-belegui\/"},"author":{"name":"Aline Luis Revilla","@id":"https:\/\/noticias.ulsaoaxaca.edu.mx\/#\/schema\/person\/56299ae004611d201c4ee2fdc19c1515"},"headline":"Estudiantes y egresados destacan como parte del proyecto \u201cZa De Belegu\u00ed\u201d","datePublished":"2026-09-01T19:04:31+00:00","dateModified":"2026-09-01T22:37:28+00:00","mainEntityOfPage":{"@id":"https:\/\/noticias.ulsaoaxaca.edu.mx\/index.php\/2026\/09\/01\/estudiantes-y-egresados-destacan-como-parte-del-proyecto-za-de-belegui\/"},"wordCount":362,"image":{"@id":"https:\/\/noticias.ulsaoaxaca.edu.mx\/index.php\/2026\/09\/01\/estudiantes-y-egresados-destacan-como-parte-del-proyecto-za-de-belegui\/#primaryimage"},"thumbnailUrl":"https:\/\/noticias.ulsaoaxaca.edu.mx\/wp-content\/uploads\/2026\/09\/23-ED-CONT-Lanzamiento-de-Globo-Aeroespacial4F7A4072.JPG-scaled.jpeg","articleSection":["Escuela de Ingenier\u00edas y Arquitectura"],"inLanguage":"es"},{"@type":"WebPage","@id":"https:\/\/noticias.ulsaoaxaca.edu.mx\/index.php\/2026\/09\/01\/estudiantes-y-egresados-destacan-como-parte-del-proyecto-za-de-belegui\/","url":"https:\/\/noticias.ulsaoaxaca.edu.mx\/index.php\/2026\/09\/01\/estudiantes-y-egresados-destacan-como-parte-del-proyecto-za-de-belegui\/","name":"Estudiantes y egresados destacan como parte del proyecto \u201cZa De Belegu\u00ed\u201d - Noticias La Salle Oaxaca","isPartOf":{"@id":"https:\/\/noticias.ulsaoaxaca.edu.mx\/#website"},"primaryImageOfPage":{"@id":"https:\/\/noticias.ulsaoaxaca.edu.mx\/index.php\/2026\/09\/01\/estudiantes-y-egresados-destacan-como-parte-del-proyecto-za-de-belegui\/#primaryimage"},"image":{"@id":"https:\/\/noticias.ulsaoaxaca.edu.mx\/index.php\/2026\/09\/01\/estudiantes-y-egresados-destacan-como-parte-del-proyecto-za-de-belegui\/#primaryimage"},"thumbnailUrl":"https:\/\/noticias.ulsaoaxaca.edu.mx\/wp-content\/uploads\/2026\/09\/23-ED-CONT-Lanzamiento-de-Globo-Aeroespacial4F7A4072.JPG-scaled.jpeg","datePublished":"2026-09-01T19:04:31+00:00","dateModified":"2026-09-01T22:37:28+00:00","author":{"@id":"https:\/\/noticias.ulsaoaxaca.edu.mx\/#\/schema\/person\/56299ae004611d201c4ee2fdc19c1515"},"breadcrumb":{"@id":"https:\/\/noticias.ulsaoaxaca.edu.mx\/index.php\/2026\/09\/01\/estudiantes-y-egresados-destacan-como-parte-del-proyecto-za-de-belegui\/#breadcrumb"},"inLanguage":"es","potentialAction":[{"@type":"ReadAction","target":["https:\/\/noticias.ulsaoaxaca.edu.mx\/index.php\/2026\/09\/01\/estudiantes-y-egresados-destacan-como-parte-del-proyecto-za-de-belegui\/"]}]},{"@type":"ImageObject","inLanguage":"es","@id":"https:\/\/noticias.ulsaoaxaca.edu.mx\/index.php\/2026\/09\/01\/estudiantes-y-egresados-destacan-como-parte-del-proyecto-za-de-belegui\/#primaryimage","url":"https:\/\/noticias.ulsaoaxaca.edu.mx\/wp-content\/uploads\/2026\/09\/23-ED-CONT-Lanzamiento-de-Globo-Aeroespacial4F7A4072.JPG-scaled.jpeg","contentUrl":"https:\/\/noticias.ulsaoaxaca.edu.mx\/wp-content\/uploads\/2026\/09\/23-ED-CONT-Lanzamiento-de-Globo-Aeroespacial4F7A4072.JPG-scaled.jpeg","width":2560,"height":2033},{"@type":"BreadcrumbList","@id":"https:\/\/noticias.ulsaoaxaca.edu.mx\/index.php\/2026\/09\/01\/estudiantes-y-egresados-destacan-como-parte-del-proyecto-za-de-belegui\/#breadcrumb","itemListElement":[{"@type":"ListItem","position":1,"name":"Inicio","item":"https:\/\/noticias.ulsaoaxaca.edu.mx\/"},{"@type":"ListItem","position":2,"name":"Estudiantes y egresados destacan como parte del proyecto \u201cZa De Belegu\u00ed\u201d"}]},{"@type":"WebSite","@id":"https:\/\/noticias.ulsaoaxaca.edu.mx\/#website","url":"https:\/\/noticias.ulsaoaxaca.edu.mx\/","name":"Noticias La Salle Oaxaca","description":"Noticias La Salle Oaxaca","potentialAction":[{"@type":"SearchAction","target":{"@type":"EntryPoint","urlTemplate":"https:\/\/noticias.ulsaoaxaca.edu.mx\/?s={search_term_string}"},"query-input":{"@type":"PropertyValueSpecification","valueRequired":true,"valueName":"search_term_string"}}],"inLanguage":"es"},{"@type":"Person","@id":"https:\/\/noticias.ulsaoaxaca.edu.mx\/#\/schema\/person\/56299ae004611d201c4ee2fdc19c1515","name":"Aline Luis Revilla","image":{"@type":"ImageObject","inLanguage":"es","@id":"https:\/\/secure.gravatar.com\/avatar\/be363de7ae7b8c7809496b9df67971f119332029097459e3d57337317d9938ca?s=96&d=mm&r=g","url":"https:\/\/secure.gravatar.com\/avatar\/be363de7ae7b8c7809496b9df67971f119332029097459e3d57337317d9938ca?s=96&d=mm&r=g","contentUrl":"https:\/\/secure.gravatar.com\/avatar\/be363de7ae7b8c7809496b9df67971f119332029097459e3d57337317d9938ca?s=96&d=mm&r=g","caption":"Aline Luis Revilla"},"url":"https:\/\/noticias.ulsaoaxaca.edu.mx\/index.php\/author\/aline-luis\/"}]}},"_links":{"self":[{"href":"https:\/\/noticias.ulsaoaxaca.edu.mx\/index.php\/wp-json\/wp\/v2\/posts\/41894","targetHints":{"allow":["GET"]}}],"collection":[{"href":"https:\/\/noticias.ulsaoaxaca.edu.mx\/index.php\/wp-json\/wp\/v2\/posts"}],"about":[{"href":"https:\/\/noticias.ulsaoaxaca.edu.mx\/index.php\/wp-json\/wp\/v2\/types\/post"}],"author":[{"embeddable":true,"href":"https:\/\/noticias.ulsaoaxaca.edu.mx\/index.php\/wp-json\/wp\/v2\/users\/18"}],"replies":[{"embeddable":true,"href":"https:\/\/noticias.ulsaoaxaca.edu.mx\/index.php\/wp-json\/wp\/v2\/comments?post=41894"}],"version-history":[{"count":2,"href":"https:\/\/noticias.ulsaoaxaca.edu.mx\/index.php\/wp-json\/wp\/v2\/posts\/41894\/revisions"}],"predecessor-version":[{"id":41898,"href":"https:\/\/noticias.ulsaoaxaca.edu.mx\/index.php\/wp-json\/wp\/v2\/posts\/41894\/revisions\/41898"}],"wp:featuredmedia":[{"embeddable":true,"href":"https:\/\/noticias.ulsaoaxaca.edu.mx\/index.php\/wp-json\/wp\/v2\/media\/41895"}],"wp:attachment":[{"href":"https:\/\/noticias.ulsaoaxaca.edu.mx\/index.php\/wp-json\/wp\/v2\/media?parent=41894"}],"wp:term":[{"taxonomy":"category","embeddable":true,"href":"https:\/\/noticias.ulsaoaxaca.edu.mx\/index.php\/wp-json\/wp\/v2\/categories?post=41894"},{"taxonomy":"post_tag","embeddable":true,"href":"https:\/\/noticias.ulsaoaxaca.edu.mx\/index.php\/wp-json\/wp\/v2\/tags?post=41894"}],"curies":[{"name":"wp","href":"https:\/\/api.w.org\/{rel}","templated":true}]}}